{"id":8669,"date":"2017-08-07T15:34:30","date_gmt":"2017-08-07T18:34:30","guid":{"rendered":"http:\/\/www.sindsaudeba.org.br\/novo\/?p=8669"},"modified":"2019-12-13T17:45:24","modified_gmt":"2019-12-13T20:45:24","slug":"apos-resistencia-de-servidores-e-sindsaude-sesab-apresenta-cronograma-para-mudanca-do-predio-anexo-no-cab","status":"publish","type":"post","link":"https:\/\/sindsaudeba.org.br\/portal\/blog\/apos-resistencia-de-servidores-e-sindsaude-sesab-apresenta-cronograma-para-mudanca-do-predio-anexo-no-cab\/","title":{"rendered":"Ap\u00f3s resist\u00eancia de servidores e Sindsa\u00fade, Sesab apresenta  cronograma para mudan\u00e7a do pr\u00e9dio anexo no CAB"},"content":{"rendered":"<p>&nbsp;<br \/>\n<a href=\"http:\/\/www.sindsaudeba.org.br\/novo\/wp-content\/uploads\/2017\/08\/IMG_7017.jpg\"><img loading=\"lazy\" class=\"alignleft size-medium wp-image-8664\" src=\"http:\/\/www.sindsaudeba.org.br\/novo\/wp-content\/uploads\/2017\/08\/IMG_7017-300x169.jpg\" alt=\"IMG_7017\" width=\"300\" height=\"169\" \/><\/a>Com resist\u00eancia e uni\u00e3o, servidores da Secretaria da Sa\u00fade lotados no pr\u00e9dio onde funcionava a \u201cJusti\u00e7a e Direitos Humanos\u201d, junto ao pr\u00e9dio da Sesab, com risco de desabamento atestado pela Defesa Civil, sa\u00edram vitoriosos na luta pela garantia de seguran\u00e7a e melhores condi\u00e7\u00f5es de trabalho em instala\u00e7\u00f5es provis\u00f3rias. Uma comiss\u00e3o formada por trabalhadores junto ao Sindsa\u00fade e representantes da gest\u00e3o da Sesab iniciou visitas em pr\u00e9dios do Estado para onde os servidores dever\u00e3o ser transferidos at\u00e9 que as obras do im\u00f3vel sejam realizadas.<br \/>\nEm assembleia permanente organizada pelo Sindsa\u00fade, com a presen\u00e7a da vice-presidente Tereza Deir\u00f3, os trabalhadores se reuniram durante toda a semana para cobrar provid\u00eancias da Sesab quanto a reloca\u00e7\u00e3o do pessoal. De acordo com Tereza Deir\u00f3, ser\u00e3o transferidos, prioritariamente, os servidores do N\u00facleo Regional de Sa\u00fade Leste (NRSL), que trabalham em p\u00e9ssimas condi\u00e7\u00f5es no subsolo do pr\u00e9dio anexo da Sesab, e em seguida a Superintend\u00eancia de Assist\u00eancia Farmac\u00eautica, Ci\u00eancia e Tecnologia (SAFTEC). Durante esta semana, a Sesab continuar\u00e1 tentando conseguir locais para transferir cerca de 210 trabalhadores desses setores at\u00e9 o dia 9 de agosto. A mudan\u00e7a e a adequa\u00e7\u00e3o destes locais ser\u00e3o conclu\u00eddas at\u00e9 o dia 18 de agosto, conforme acordado em reuni\u00e3o com a participa\u00e7\u00e3o da comiss\u00e3o e a Sesab.<br \/>\n<a href=\"http:\/\/www.sindsaudeba.org.br\/novo\/wp-content\/uploads\/2017\/08\/IMG_7019.jpg\"><img loading=\"lazy\" class=\"alignleft size-medium wp-image-8665\" src=\"http:\/\/www.sindsaudeba.org.br\/novo\/wp-content\/uploads\/2017\/08\/IMG_7019-300x169.jpg\" alt=\"IMG_7019\" width=\"300\" height=\"169\" \/><\/a>Ainda de acordo com Tereza Deir\u00f3, um dos pr\u00e9dios visitados pela comiss\u00e3o foi o pr\u00e9dio da Secretaria da Educa\u00e7\u00e3o, onde foi detectado espa\u00e7o adequado para instala\u00e7\u00e3o do almoxarifado do NRSL. A comiss\u00e3o e o Sindsa\u00fade estar\u00e3o acompanhando nesta segunda (07\/08) o andamento de novas visitas a pr\u00e9dios p\u00fablicos e nova reuni\u00e3o dever\u00e1 ocorrer a fim de garantir a continuidade dos servi\u00e7os \u00e0 popula\u00e7ao.<br \/>\n<strong>Sesab apresenta Laudo de engenheiro estruturalista<\/strong><br \/>\nDurante reuni\u00e3o realizada na quinta-feira, 3 de agosto, o assessor especial do gabinete, Diego Alvarez apresentou o laudo de uma vistoria realizada pelo engenheiro estruturalista, Carlos Roberto Cardoso Rodrigues, que verificou as condi\u00e7\u00f5es de estabilidade do pr\u00e9dio anexo da Sesab. O documento atesta que o im\u00f3vel n\u00e3o corre risco iminente de desabamento. Entretanto, alerta que houve grande desgaste nas vigas de concreto armado da estrutura, em decorr\u00eancia da a\u00e7\u00e3o do calor durante o inc\u00eandio. Tamb\u00e9m foram encontrados problemas no piso, que se encontra em boa parte deslocado. O laudo sugere que a Sesab realize a instala\u00e7\u00e3o de escoramento complementar em outras \u00e1reas do im\u00f3vel.<br \/>\n<a href=\"http:\/\/www.sindsaudeba.org.br\/novo\/wp-content\/uploads\/2017\/08\/IMG_7133.jpg\"><img loading=\"lazy\" class=\"alignleft size-medium wp-image-8666\" src=\"http:\/\/www.sindsaudeba.org.br\/novo\/wp-content\/uploads\/2017\/08\/IMG_7133-300x169.jpg\" alt=\"IMG_7133\" width=\"300\" height=\"169\" \/><\/a>Desde o dia 28 de julho que os servidores juntamente ao Sindsaude em assembleia permanente est\u00e3o pressionando a gest\u00e3o da SESAB no sentido de se encaminhar providencias quanto a sa\u00edda imediata dos servidores do pr\u00e9dio onde funcionava a Secretaria de Justi\u00e7a e Diretos Humanos,\u00a0 que sofreu danos ap\u00f3s inc\u00eandio ocorrido em 2014. At\u00e9 ent\u00e3o, mesmo nessas condi\u00e7\u00f5es, com isolamento pela frente e escoramento preventivo por conta de \u201ctirantes met\u00e1licos\u201d danificados, a SESAB junto ao\u00a0 Governo do Estado n\u00e3o realizou as interven\u00e7\u00f5es necess\u00e1rias, colocando cerca de 300 trabalhadores, entre servidores e terceirizados em setores. Gestores da SESAB afirmam que j\u00e1 receberam verbas da seguradora e que a licita\u00e7\u00e3o para a reforma geral do pr\u00e9dio ocorrer\u00e1 ainda esta semana, com previs\u00e3o de inicio das obras para o m\u00eas de setembro.<br \/>\n&nbsp;<\/p>\n","protected":false},"excerpt":{"rendered":"<p>&nbsp; Com resist\u00eancia e uni\u00e3o, servidores da Secretaria da Sa\u00fade lotados no pr\u00e9dio onde funcionava a \u201cJusti\u00e7a e Direitos Humanos\u201d, junto ao pr\u00e9dio da Sesab, com risco de desabamento atestado pela Defesa Civil, sa\u00edram vitoriosos na luta pela garantia de seguran\u00e7a e melhores condi\u00e7\u00f5es de&#8230;<\/p>\n","protected":false},"author":2,"featured_media":8664,"comment_status":"closed","ping_status":"open","sticky":false,"template":"","format":"standard","meta":[],"categories":[10],"tags":[],"amp_validity":null,"amp_enabled":true,"_links":{"self":[{"href":"https:\/\/sindsaudeba.org.br\/portal\/wp-json\/wp\/v2\/posts\/8669"}],"collection":[{"href":"https:\/\/sindsaudeba.org.br\/portal\/wp-json\/wp\/v2\/posts"}],"about":[{"href":"https:\/\/sindsaudeba.org.br\/portal\/wp-json\/wp\/v2\/types\/post"}],"author":[{"embeddable":true,"href":"https:\/\/sindsaudeba.org.br\/portal\/wp-json\/wp\/v2\/users\/2"}],"replies":[{"embeddable":true,"href":"https:\/\/sindsaudeba.org.br\/portal\/wp-json\/wp\/v2\/comments?post=8669"}],"version-history":[{"count":1,"href":"https:\/\/sindsaudeba.org.br\/portal\/wp-json\/wp\/v2\/posts\/8669\/revisions"}],"predecessor-version":[{"id":13609,"href":"https:\/\/sindsaudeba.org.br\/portal\/wp-json\/wp\/v2\/posts\/8669\/revisions\/13609"}],"wp:featuredmedia":[{"embeddable":true,"href":"https:\/\/sindsaudeba.org.br\/portal\/wp-json\/wp\/v2\/media\/8664"}],"wp:attachment":[{"href":"https:\/\/sindsaudeba.org.br\/portal\/wp-json\/wp\/v2\/media?parent=8669"}],"wp:term":[{"taxonomy":"category","embeddable":true,"href":"https:\/\/sindsaudeba.org.br\/portal\/wp-json\/wp\/v2\/categories?post=8669"},{"taxonomy":"post_tag","embeddable":true,"href":"https:\/\/sindsaudeba.org.br\/portal\/wp-json\/wp\/v2\/tags?post=8669"}],"curies":[{"name":"wp","href":"https:\/\/api.w.org\/{rel}","templated":true}]}}