{"id":8656,"date":"2017-08-04T09:09:03","date_gmt":"2017-08-04T12:09:03","guid":{"rendered":"http:\/\/www.sindsaudeba.org.br\/novo\/?p=8656"},"modified":"2019-12-13T17:45:24","modified_gmt":"2019-12-13T20:45:24","slug":"impactos-da-privatizacao-do-heom-sao-discutidos-em-audiencia-publica-na-defensoria","status":"publish","type":"post","link":"https:\/\/sindsaudeba.org.br\/portal\/blog\/impactos-da-privatizacao-do-heom-sao-discutidos-em-audiencia-publica-na-defensoria\/","title":{"rendered":"Impactos da privatiza\u00e7\u00e3o do HEOM s\u00e3o  discutidos em audi\u00eancia p\u00fablica na Defensoria"},"content":{"rendered":"<p><a href=\"http:\/\/www.sindsaudeba.org.br\/novo\/wp-content\/uploads\/2017\/08\/site11.jpg\"><img loading=\"lazy\" class=\"alignleft  wp-image-8657\" src=\"http:\/\/www.sindsaudeba.org.br\/novo\/wp-content\/uploads\/2017\/08\/site11-300x169.jpg\" alt=\"site1\" width=\"403\" height=\"227\" \/><\/a>A proposta de privatiza\u00e7\u00e3o de gest\u00e3o do Hospital Especializado Ot\u00e1vio Mangabeira (HEOM) e os impactos da aten\u00e7\u00e3o \u00e0 sa\u00fade na \u00e1rea de tuberculose na Bahia foram discutidos em audi\u00eancia p\u00fablica promovida pela Defensoria P\u00fablica da Bahia, nesta quarta-feira, 2 de agosto.<br \/>\nO Sindsa\u00fade, representado pelo presidente Silvio Roberto dos Anjos e Silva, pela diretora e vereadora de Salvador Aladilce Souza e o diretor Djalma Rossi, participou do evento que contou com a presen\u00e7a de defensores, representantes da sociedade civil, da pastoral carcer\u00e1ria, da igreja cat\u00f3lica, funcion\u00e1rios do Heom, pessoas em situa\u00e7\u00e3o de rua e do presidente do Sindimed, Francisco Magalh\u00e3es. Nenhum representante do Governo do Estado participou do evento para apresentar o projeto de mudan\u00e7a de gest\u00e3o para os participantes.<br \/>\nOs debatedores presentes declararam, de forma un\u00e2nime, serem contra a publiciza\u00e7\u00e3o do hospital. Eles afirmaram que, mesmo sendo uma doen\u00e7a milenar e de diagn\u00f3stico relativamente f\u00e1cil, a tuberculose atinge mais duramente a popula\u00e7\u00e3o pobre, que s\u00f3 tem condi\u00e7\u00f5es de atendimento atrav\u00e9s do Sistema \u00danico de Sa\u00fade (SUS).<br \/>\nA sess\u00e3o explorou o choque que uma mudan\u00e7a de perfil na gest\u00e3o do HEOM causaria nas popula\u00e7\u00f5es que mais precisam daqueles servi\u00e7os hospitalares: pobres, ind\u00edgenas, pessoas em situa\u00e7\u00e3o de rua, popula\u00e7\u00e3o carcer\u00e1ria e outras classes em vulnerabilidade.<br \/>\nO presidente do Sindsa\u00fade reiterou o posicionamento do sindicato de lutar contra a privatiza\u00e7\u00e3o do hospital. Ele lembrou que no projeto da Sesab h\u00e1 previs\u00e3o de redu\u00e7\u00e3o de 225 leitos para 168, sendo sete dias o maior tempo de perman\u00eancia na unidade hospitalar. Silvio Roberto conclamou a todos a refor\u00e7arem a luta pela manuten\u00e7\u00e3o do car\u00e1ter p\u00fablico e da administra\u00e7\u00e3o estatal do HEOM.<br \/>\nA proposta de privatiza\u00e7\u00e3o do HEOM foi apresentada no dia 15 de dezembro de 2016 ao Conselho Estadual de Sa\u00fade. Desde ent\u00e3o, o Sindsa\u00fade vem tomando medidas para suspender a decis\u00e3o da Sesab. A entidade se reuniu com representantes dos servidores da unidade para tra\u00e7ar a\u00e7\u00f5es de mobiliza\u00e7\u00e3o. Foram realizadas manifesta\u00e7\u00f5es no bairro do Pau Mi\u00fado e carreata do hospital at\u00e9 o CAB, onde foi realizado um protesto em frente \u00e0 governadoria. O sindicato tamb\u00e9m denunciou a situa\u00e7\u00e3o ao Conselho Estadual de Sa\u00fade, onde os trabalhadores realizaram mobiliza\u00e7\u00f5es durante as reuni\u00f5es.<\/p>\n","protected":false},"excerpt":{"rendered":"<p>A proposta de privatiza\u00e7\u00e3o de gest\u00e3o do Hospital Especializado Ot\u00e1vio Mangabeira (HEOM) e os impactos da aten\u00e7\u00e3o \u00e0 sa\u00fade na \u00e1rea de tuberculose na Bahia foram discutidos em audi\u00eancia p\u00fablica promovida pela Defensoria P\u00fablica da Bahia, nesta quarta-feira, 2 de agosto. O Sindsa\u00fade, representado pelo&#8230;<\/p>\n","protected":false},"author":2,"featured_media":8657,"comment_status":"closed","ping_status":"open","sticky":false,"template":"","format":"standard","meta":[],"categories":[11],"tags":[],"amp_validity":null,"amp_enabled":true,"_links":{"self":[{"href":"https:\/\/sindsaudeba.org.br\/portal\/wp-json\/wp\/v2\/posts\/8656"}],"collection":[{"href":"https:\/\/sindsaudeba.org.br\/portal\/wp-json\/wp\/v2\/posts"}],"about":[{"href":"https:\/\/sindsaudeba.org.br\/portal\/wp-json\/wp\/v2\/types\/post"}],"author":[{"embeddable":true,"href":"https:\/\/sindsaudeba.org.br\/portal\/wp-json\/wp\/v2\/users\/2"}],"replies":[{"embeddable":true,"href":"https:\/\/sindsaudeba.org.br\/portal\/wp-json\/wp\/v2\/comments?post=8656"}],"version-history":[{"count":1,"href":"https:\/\/sindsaudeba.org.br\/portal\/wp-json\/wp\/v2\/posts\/8656\/revisions"}],"predecessor-version":[{"id":13611,"href":"https:\/\/sindsaudeba.org.br\/portal\/wp-json\/wp\/v2\/posts\/8656\/revisions\/13611"}],"wp:featuredmedia":[{"embeddable":true,"href":"https:\/\/sindsaudeba.org.br\/portal\/wp-json\/wp\/v2\/media\/8657"}],"wp:attachment":[{"href":"https:\/\/sindsaudeba.org.br\/portal\/wp-json\/wp\/v2\/media?parent=8656"}],"wp:term":[{"taxonomy":"category","embeddable":true,"href":"https:\/\/sindsaudeba.org.br\/portal\/wp-json\/wp\/v2\/categories?post=8656"},{"taxonomy":"post_tag","embeddable":true,"href":"https:\/\/sindsaudeba.org.br\/portal\/wp-json\/wp\/v2\/tags?post=8656"}],"curies":[{"name":"wp","href":"https:\/\/api.w.org\/{rel}","templated":true}]}}