{"id":8638,"date":"2017-08-01T12:35:57","date_gmt":"2017-08-01T15:35:57","guid":{"rendered":"http:\/\/www.sindsaudeba.org.br\/novo\/?p=8638"},"modified":"2019-12-13T17:45:25","modified_gmt":"2019-12-13T20:45:25","slug":"resistencia-servidores-da-saude-se-recusam-a-retornar-ao-predio-da-sesab-com-risco-de-desabamento-ate-que-obras-sejam-concluidas","status":"publish","type":"post","link":"https:\/\/sindsaudeba.org.br\/portal\/blog\/resistencia-servidores-da-saude-se-recusam-a-retornar-ao-predio-da-sesab-com-risco-de-desabamento-ate-que-obras-sejam-concluidas\/","title":{"rendered":"Resist\u00eancia: Servidores da sa\u00fade se recusam a retornar ao pr\u00e9dio da Sesab com risco de desabamento, at\u00e9 que obras sejam conclu\u00eddas"},"content":{"rendered":"<div id=\"attachment_8639\" style=\"width: 310px\" class=\"wp-caption alignleft\"><a href=\"http:\/\/www.sindsaudeba.org.br\/novo\/wp-content\/uploads\/2017\/08\/site1.jpg\"><img aria-describedby=\"caption-attachment-8639\" loading=\"lazy\" class=\"size-medium wp-image-8639\" src=\"http:\/\/www.sindsaudeba.org.br\/novo\/wp-content\/uploads\/2017\/08\/site1-300x200.jpg\" alt=\"Fotos: Jo\u00e3o Ubaldo\" width=\"300\" height=\"200\" \/><\/a><p id=\"caption-attachment-8639\" class=\"wp-caption-text\">Fotos: Jo\u00e3o Ubaldo<\/p><\/div><br \/>\nTemerosos com a possibilidade de um grave acidente, servidores da sa\u00fade e diretores do Sindsa\u00fade deixaram clara a posi\u00e7\u00e3o de n\u00e3o retornarem ao pr\u00e9dio anexo da Sesab com risco de desabamento, at\u00e9 que as obras de reforma sejam conclu\u00eddas. Os trabalhadores e o sindicato se reuniram nesta segunda-feira (31\/80), com representantes da Sesab para cobrar provid\u00eancias emergenciais que garantam a seguran\u00e7a e a integridade f\u00edsica de todos que trabalham e circulam no local.<br \/>\nDurante a reuni\u00e3o foi definida a cria\u00e7\u00e3o de uma comiss\u00e3o formada por trabalhadores, sindicato e Secretaria, que ir\u00e3o visitar im\u00f3veis desocupados do Estado para avaliar a possibilidade de transfer\u00eancia dos servidores para estes locais. Segundo o engenheiro da Sesab Cesar Chastinet e o assessor especial do gabinete Diego Alvarez, entre os pr\u00e9dios levantados est\u00e3o o da Funda\u00e7\u00e3o Lu\u00eds Eduardo Magalh\u00e3es (Flem) e da Secretaria de Desenvolvimento Urbano do Estado (Sedur)<em>. <\/em>Ser\u00e3o transferidos prioritariamente, os servi\u00e7os considerados essenciais como a Superintend\u00eancia de Assist\u00eancia Farmac\u00eautica e a Diretoria de Regula\u00e7\u00e3o.<br \/>\n&nbsp;<br \/>\n<a href=\"http:\/\/www.sindsaudeba.org.br\/novo\/wp-content\/uploads\/2017\/08\/Foto-Jo\u00e3o-Ubaldo-5-copy.jpg\"><img loading=\"lazy\" class=\"alignleft size-medium wp-image-8640\" src=\"http:\/\/www.sindsaudeba.org.br\/novo\/wp-content\/uploads\/2017\/08\/Foto-Jo\u00e3o-Ubaldo-5-copy-300x200.jpg\" alt=\"Foto Jo\u00e3o Ubaldo (5) copy\" width=\"300\" height=\"200\" \/><\/a>Os representantes da Sesab tamb\u00e9m se comprometeram em apresentar uma licita\u00e7\u00e3o para instala\u00e7\u00e3o de cont\u00eaineres provis\u00f3rios para acomodar os demais trabalhadores que n\u00e3o forem transferidos para estes im\u00f3veis. <em>As visitas da comiss\u00e3o ser\u00e3o iniciadas nesta ter\u00e7a-feira, 1\u00ba de agosto. <\/em><br \/>\nTamb\u00e9m ficou definida a visita do Corpo de Bombeiros para apresentar o cronograma das interven\u00e7\u00f5es que j\u00e1 foram realizadas no pr\u00e9dio anexo da Sesab, como a instala\u00e7\u00e3o de rota de fugas, sinaliza\u00e7\u00f5es e extintores.<br \/>\n&nbsp;<br \/>\nOs servidores evacuarem o pr\u00e9dio anexo da Secretaria de Sa\u00fade do Estado, no Centro Administrativo, por amea\u00e7a de desabamento, na \u00faltima sexta-feira (28). O pr\u00e9dio anexo da Sesab, onde funcionava o antigo pr\u00e9dio da Secretaria de Justi\u00e7a e Diretos Humanos, sofreu danos estruturais graves ap\u00f3s inc\u00eandio ocorrido em 2014, mas, at\u00e9 ent\u00e3o, o Governo do Estado n\u00e3o realizou nenhuma interven\u00e7\u00e3o corretiva na estrutura externa onde trabalham cerca de 200 trabalhadores, entre servidores e terceirizados.<br \/>\n<a href=\"http:\/\/www.sindsaudeba.org.br\/novo\/wp-content\/uploads\/2017\/08\/Foto-Jo\u00e3o-Ubaldo-4-copy.jpg\"><img loading=\"lazy\" class=\"alignleft size-medium wp-image-8641\" src=\"http:\/\/www.sindsaudeba.org.br\/novo\/wp-content\/uploads\/2017\/08\/Foto-Jo\u00e3o-Ubaldo-4-copy-300x200.jpg\" alt=\"Foto Jo\u00e3o Ubaldo (4) copy\" width=\"300\" height=\"200\" \/><\/a><\/p>\n","protected":false},"excerpt":{"rendered":"<p>Temerosos com a possibilidade de um grave acidente, servidores da sa\u00fade e diretores do Sindsa\u00fade deixaram clara a posi\u00e7\u00e3o de n\u00e3o retornarem ao pr\u00e9dio anexo da Sesab com risco de desabamento, at\u00e9 que as obras de reforma sejam conclu\u00eddas. Os trabalhadores e o sindicato se&#8230;<\/p>\n","protected":false},"author":2,"featured_media":8640,"comment_status":"closed","ping_status":"open","sticky":false,"template":"","format":"standard","meta":[],"categories":[11],"tags":[],"amp_validity":null,"amp_enabled":true,"_links":{"self":[{"href":"https:\/\/sindsaudeba.org.br\/portal\/wp-json\/wp\/v2\/posts\/8638"}],"collection":[{"href":"https:\/\/sindsaudeba.org.br\/portal\/wp-json\/wp\/v2\/posts"}],"about":[{"href":"https:\/\/sindsaudeba.org.br\/portal\/wp-json\/wp\/v2\/types\/post"}],"author":[{"embeddable":true,"href":"https:\/\/sindsaudeba.org.br\/portal\/wp-json\/wp\/v2\/users\/2"}],"replies":[{"embeddable":true,"href":"https:\/\/sindsaudeba.org.br\/portal\/wp-json\/wp\/v2\/comments?post=8638"}],"version-history":[{"count":1,"href":"https:\/\/sindsaudeba.org.br\/portal\/wp-json\/wp\/v2\/posts\/8638\/revisions"}],"predecessor-version":[{"id":13615,"href":"https:\/\/sindsaudeba.org.br\/portal\/wp-json\/wp\/v2\/posts\/8638\/revisions\/13615"}],"wp:featuredmedia":[{"embeddable":true,"href":"https:\/\/sindsaudeba.org.br\/portal\/wp-json\/wp\/v2\/media\/8640"}],"wp:attachment":[{"href":"https:\/\/sindsaudeba.org.br\/portal\/wp-json\/wp\/v2\/media?parent=8638"}],"wp:term":[{"taxonomy":"category","embeddable":true,"href":"https:\/\/sindsaudeba.org.br\/portal\/wp-json\/wp\/v2\/categories?post=8638"},{"taxonomy":"post_tag","embeddable":true,"href":"https:\/\/sindsaudeba.org.br\/portal\/wp-json\/wp\/v2\/tags?post=8638"}],"curies":[{"name":"wp","href":"https:\/\/api.w.org\/{rel}","templated":true}]}}