{"id":8635,"date":"2017-08-01T10:48:06","date_gmt":"2017-08-01T13:48:06","guid":{"rendered":"http:\/\/www.sindsaudeba.org.br\/novo\/?p=8635"},"modified":"2019-12-13T17:45:25","modified_gmt":"2019-12-13T20:45:25","slug":"audiencia-publica-na-defensoria-publica-discute-privatizacao-do-hospital-octavio-mangabeira-nesta-quarta-2","status":"publish","type":"post","link":"https:\/\/sindsaudeba.org.br\/portal\/blog\/audiencia-publica-na-defensoria-publica-discute-privatizacao-do-hospital-octavio-mangabeira-nesta-quarta-2\/","title":{"rendered":"Audi\u00eancia P\u00fablica na Defensoria P\u00fablica discute privatiza\u00e7\u00e3o do Hospital Oct\u00e1vio Mangabeira, nesta quarta (2)"},"content":{"rendered":"<div id=\"attachment_8636\" style=\"width: 310px\" class=\"wp-caption alignleft\"><a href=\"http:\/\/www.sindsaudeba.org.br\/novo\/wp-content\/uploads\/2017\/08\/Privatiza\u00e7\u00e3o-HEOM-SITE.jpg\"><img aria-describedby=\"caption-attachment-8636\" loading=\"lazy\" class=\"size-medium wp-image-8636\" src=\"http:\/\/www.sindsaudeba.org.br\/novo\/wp-content\/uploads\/2017\/08\/Privatiza\u00e7\u00e3o-HEOM-SITE-300x231.jpg\" alt=\"Ilustra\u00e7\u00e3o: Ascom defensoria p\u00fablica \" width=\"300\" height=\"231\" \/><\/a><p id=\"caption-attachment-8636\" class=\"wp-caption-text\">Ilustra\u00e7\u00e3o: Ascom defensoria p\u00fablica<\/p><\/div><br \/>\nO Sindsa\u00fade-Ba convida os servidores da sa\u00fade para participar da audi\u00eancia p\u00fablica sobre a privatiza\u00e7\u00e3o do Hospital Especializado Oct\u00e1vio Mangabeira e seus impactos na aten\u00e7\u00e3o \u00e0 sa\u00fade na \u00e1rea de tuberculose na Bahia, nesta quarta-feira, 2 de agosto, no audit\u00f3rio da Escola Superior da Defensoria P\u00fablica, no Canela, das 13h \u00e0s 17h.<br \/>\nDurante a audi\u00eancia ser\u00e1 discutido o novo perfil de gest\u00e3o e atendimento da unidade, proposto pela Sesab. Promovido pela Defensoria p\u00fablica do estado da Bahia, o evento \u00e9 previsto no Procedimento de Apura\u00e7\u00e3o de Dano Coletivo \u2013 PADAC. O evento tamb\u00e9m contar\u00e1 com a participa\u00e7\u00e3o de \u00f3rg\u00e3os municipais e estaduais.<br \/>\n&nbsp;<br \/>\n&nbsp;<\/p>\n","protected":false},"excerpt":{"rendered":"<p>O Sindsa\u00fade-Ba convida os servidores da sa\u00fade para participar da audi\u00eancia p\u00fablica sobre a privatiza\u00e7\u00e3o do Hospital Especializado Oct\u00e1vio Mangabeira e seus impactos na aten\u00e7\u00e3o \u00e0 sa\u00fade na \u00e1rea de tuberculose na Bahia, nesta quarta-feira, 2 de agosto, no audit\u00f3rio da Escola Superior da Defensoria&#8230;<\/p>\n","protected":false},"author":2,"featured_media":8636,"comment_status":"closed","ping_status":"open","sticky":false,"template":"","format":"standard","meta":[],"categories":[11],"tags":[],"amp_validity":null,"amp_enabled":true,"_links":{"self":[{"href":"https:\/\/sindsaudeba.org.br\/portal\/wp-json\/wp\/v2\/posts\/8635"}],"collection":[{"href":"https:\/\/sindsaudeba.org.br\/portal\/wp-json\/wp\/v2\/posts"}],"about":[{"href":"https:\/\/sindsaudeba.org.br\/portal\/wp-json\/wp\/v2\/types\/post"}],"author":[{"embeddable":true,"href":"https:\/\/sindsaudeba.org.br\/portal\/wp-json\/wp\/v2\/users\/2"}],"replies":[{"embeddable":true,"href":"https:\/\/sindsaudeba.org.br\/portal\/wp-json\/wp\/v2\/comments?post=8635"}],"version-history":[{"count":1,"href":"https:\/\/sindsaudeba.org.br\/portal\/wp-json\/wp\/v2\/posts\/8635\/revisions"}],"predecessor-version":[{"id":13616,"href":"https:\/\/sindsaudeba.org.br\/portal\/wp-json\/wp\/v2\/posts\/8635\/revisions\/13616"}],"wp:featuredmedia":[{"embeddable":true,"href":"https:\/\/sindsaudeba.org.br\/portal\/wp-json\/wp\/v2\/media\/8636"}],"wp:attachment":[{"href":"https:\/\/sindsaudeba.org.br\/portal\/wp-json\/wp\/v2\/media?parent=8635"}],"wp:term":[{"taxonomy":"category","embeddable":true,"href":"https:\/\/sindsaudeba.org.br\/portal\/wp-json\/wp\/v2\/categories?post=8635"},{"taxonomy":"post_tag","embeddable":true,"href":"https:\/\/sindsaudeba.org.br\/portal\/wp-json\/wp\/v2\/tags?post=8635"}],"curies":[{"name":"wp","href":"https:\/\/api.w.org\/{rel}","templated":true}]}}