{"id":8600,"date":"2017-08-02T13:11:42","date_gmt":"2017-08-02T16:11:42","guid":{"rendered":"http:\/\/www.sindsaudeba.org.br\/novo\/?p=8600"},"modified":"2019-12-13T17:45:24","modified_gmt":"2019-12-13T20:45:24","slug":"fetrab-sindsaude-e-sindimed-convocam-governo-para-audiencia-com-servidores-sobre-planserv-e-prevbahia","status":"publish","type":"post","link":"https:\/\/sindsaudeba.org.br\/portal\/blog\/fetrab-sindsaude-e-sindimed-convocam-governo-para-audiencia-com-servidores-sobre-planserv-e-prevbahia\/","title":{"rendered":"Audi\u00eancia p\u00fablica esclarece d\u00favidas sobre situa\u00e7\u00e3o do Planserv e sistema PrevBahia"},"content":{"rendered":"<p><a href=\"http:\/\/www.sindsaudeba.org.br\/novo\/wp-content\/uploads\/2017\/07\/cardPlanserv-A.jpg\"><img loading=\"lazy\" class=\"alignleft size-full wp-image-8652\" src=\"http:\/\/www.sindsaudeba.org.br\/novo\/wp-content\/uploads\/2017\/07\/cardPlanserv-A.jpg\" alt=\"cardPlanserv-A\" width=\"1000\" height=\"1248\" \/><\/a>Diante da afli\u00e7\u00e3o dos trabalhadores devido aos\u00a0 constantes ataques \u00e0s leis trabalhistas com\u00a0 perdas de direitos e considerando os an\u00fancios\u00a0 de mudan\u00e7as no Planserv e na Previd\u00eancia do Servidor P\u00fablico da Bahia, o Sindsa\u00fade-Ba e o Sindimed-Ba convocaram representantes do governo do estado para participarem de audi\u00eancia p\u00fablica com o objetivo de esclarecer as d\u00favidas e ouvir a posi\u00e7\u00e3o dos servidores. O evento ser\u00e1 realizado nos dias 10, com o tema Planserv, e 17 de agosto, para d\u00favidas do PrevBahia, no audit\u00f3rio do Sindimed, na Rua Macap\u00e1, 241, Ondina, \u00e0s 15h.<br \/>\nA orienta\u00e7\u00e3o\u00a0 do governo do estado de\u00a0 ades\u00e3o ao RPC tem causado inseguran\u00e7a aos servidores, e tem sido contestado por entidades sindicais que avaliam a possibilidade de perda do direito \u00e0 aposentadoria integral desses trabalhadores. O evento ser\u00e1 uma oportunidade dos servidores se posicionarem a respeito do RPC, que foi institu\u00eddo sem a discuss\u00e3o pr\u00e9via com os trabalhadores e entidades.<br \/>\nO Regime de Previd\u00eancia Complementar na Bahia foi institu\u00eddo atrav\u00e9s da Lei Estadual 13.222 de 2015 e vem sendo imposto pelo Governo do Estado aos servidores com o objetivo de tentar adequar a legisla\u00e7\u00e3o estadual \u00e0 lei federal de previd\u00eancia complementar j\u00e1 vigente. Entretanto, o Sindsa\u00fade-Ba alerta a todos os trabalhadores da sa\u00fade que a ades\u00e3o ao RPC n\u00e3o \u00e9 obrigat\u00f3rio, de acordo com o artigo 1\u00ba, inciso 2\u00ba, contida em sua lei.<br \/>\nA ades\u00e3o s\u00f3 \u00e9 obrigat\u00f3ria para os servidores que tomaram posse de um cargo estatu\u00e1rio no Estado depois de 29 de julho de 2016, data em que o Regime de Previd\u00eancia Complementar come\u00e7ou a vigorar na Bahia, e que ganhem acima do teto do INSS (R$ 5.531,31 em 2017). Esses trabalhadores n\u00e3o poder\u00e3o ter aposentadoria com valor acima do limite estabelecido. Al\u00e9m disso, esse regime previdenci\u00e1rio aposta em planos de investimento que, na pr\u00e1tica, n\u00e3o garantem retorno, por se tratar de uma previd\u00eancia complementar submetida \u00e0 instabilidade do mercado financeiro.<br \/>\nO Sindsa\u00fade permanecer\u00e1 vigilantes quanto aos objetivos previstos no Estatuto Social da PrevBahia, sobretudo neste momento no qual os trabalhadores brasileiros lutam contra a reforma da previd\u00eancia social que prop\u00f5e a desconstru\u00e7\u00e3o dos direitos sociais previstos na Constitui\u00e7\u00e3o Federal,\u00a0 e a aniquila\u00e7\u00e3o do setor da previd\u00eancia p\u00fablica do Brasil. Nossa luta \u00e9 pelo fortalecimento e manuten\u00e7\u00e3o da Previd\u00eancia Social p\u00fablica e pelos direitos dos servidores p\u00fablicos!<\/p>\n","protected":false},"excerpt":{"rendered":"<p>Diante da afli\u00e7\u00e3o dos trabalhadores devido aos\u00a0 constantes ataques \u00e0s leis trabalhistas com\u00a0 perdas de direitos e considerando os an\u00fancios\u00a0 de mudan\u00e7as no Planserv e na Previd\u00eancia do Servidor P\u00fablico da Bahia, o Sindsa\u00fade-Ba e o Sindimed-Ba convocaram representantes do governo do estado para participarem&#8230;<\/p>\n","protected":false},"author":2,"featured_media":8651,"comment_status":"closed","ping_status":"open","sticky":false,"template":"","format":"standard","meta":[],"categories":[11],"tags":[],"amp_validity":null,"amp_enabled":true,"_links":{"self":[{"href":"https:\/\/sindsaudeba.org.br\/portal\/wp-json\/wp\/v2\/posts\/8600"}],"collection":[{"href":"https:\/\/sindsaudeba.org.br\/portal\/wp-json\/wp\/v2\/posts"}],"about":[{"href":"https:\/\/sindsaudeba.org.br\/portal\/wp-json\/wp\/v2\/types\/post"}],"author":[{"embeddable":true,"href":"https:\/\/sindsaudeba.org.br\/portal\/wp-json\/wp\/v2\/users\/2"}],"replies":[{"embeddable":true,"href":"https:\/\/sindsaudeba.org.br\/portal\/wp-json\/wp\/v2\/comments?post=8600"}],"version-history":[{"count":1,"href":"https:\/\/sindsaudeba.org.br\/portal\/wp-json\/wp\/v2\/posts\/8600\/revisions"}],"predecessor-version":[{"id":13612,"href":"https:\/\/sindsaudeba.org.br\/portal\/wp-json\/wp\/v2\/posts\/8600\/revisions\/13612"}],"wp:featuredmedia":[{"embeddable":true,"href":"https:\/\/sindsaudeba.org.br\/portal\/wp-json\/wp\/v2\/media\/8651"}],"wp:attachment":[{"href":"https:\/\/sindsaudeba.org.br\/portal\/wp-json\/wp\/v2\/media?parent=8600"}],"wp:term":[{"taxonomy":"category","embeddable":true,"href":"https:\/\/sindsaudeba.org.br\/portal\/wp-json\/wp\/v2\/categories?post=8600"},{"taxonomy":"post_tag","embeddable":true,"href":"https:\/\/sindsaudeba.org.br\/portal\/wp-json\/wp\/v2\/tags?post=8600"}],"curies":[{"name":"wp","href":"https:\/\/api.w.org\/{rel}","templated":true}]}}