{"id":859,"date":"2013-03-07T12:36:15","date_gmt":"2013-03-07T15:36:15","guid":{"rendered":"http:\/\/www.sindsaudeba.org.br\/novo\/?p=859"},"modified":"2019-12-13T18:00:29","modified_gmt":"2019-12-13T21:00:29","slug":"feira-de-santana-sindicatos-trabalhadores-e-usuarios-repudiam-terceirizacao-do-hgca","status":"publish","type":"post","link":"https:\/\/sindsaudeba.org.br\/portal\/blog\/feira-de-santana-sindicatos-trabalhadores-e-usuarios-repudiam-terceirizacao-do-hgca\/","title":{"rendered":"Feira de Santana: Sindicatos, trabalhadores e usu\u00e1rios repudiam terceiriza\u00e7\u00e3o do HGCA"},"content":{"rendered":"<p><a href=\"http:\/\/www.sindsaudeba.org.br\/novo\/wp-content\/uploads\/2013\/03\/site1.jpg\"><img loading=\"lazy\" class=\"alignleft size-medium wp-image-861\" title=\"site1\" src=\"http:\/\/www.sindsaudeba.org.br\/novo\/wp-content\/uploads\/2013\/03\/site1-300x225.jpg\" alt=\"\" width=\"300\" height=\"225\" \/><\/a><br \/>\nA privatiza\u00e7\u00e3o do Hospital Geral Cl\u00e9riston Andrade foi repudiada durante uma manifesta\u00e7\u00e3o realizada pelo Sindsa\u00fade-Ba, Sidimed, trabalhadores, usu\u00e1rios e a popula\u00e7\u00e3o do munic\u00edpio, na \u00faltima sexta-feira (1\u00ba). O protesto aconteceu na Avenida Get\u00falio Vargas, uma das mais movimentadas da cidade. Ap\u00f3s o ato,\u00a0 foi realizada uma audi\u00eancia p\u00fablica a C\u00e2mara Municipal, onde foi discutida a nova gest\u00e3o do HGCA.<br \/>\nO evento foi conduzido pela presidente da Comiss\u00e3o de Educa\u00e7\u00e3o, Cultura, Sa\u00fade e Desportos, vereadora Neinha. \u00a0Tamb\u00e9m participaram da mesa a presidente do Sindsa\u00fade-Ba, Inalba Fontenelle, os deputados estaduais Targino Machado e Carlos Geilson, o diretor do Sindicato dos Enfermeiros, Edklercio Mendon\u00e7a, o advogado do Sindicato dos Enfermeiros, Ronaldo Mendes, al\u00e9m do vice-presidente da OAB de Feira de Santana, Carlos Eduardo Guimar\u00e3es.<br \/>\nDurante a audi\u00eancia Inalba pediu a anula\u00e7\u00e3o da lei de privatiza\u00e7\u00e3o. \u201cPrecisamos acabar com essa lei da privatiza\u00e7\u00e3o. Precisamos fazer com que a Assembl\u00e9ia Legislativa retire essa lei do estado da Bahia\u201d, disse. A sindicalista destacou que o processo de terceiriza\u00e7\u00e3o das unidades de sa\u00fade tem ocorrido em todo o pa\u00eds, e se faz necess\u00e1rio um amplo debate sobre o assunto. Em sua opini\u00e3o, a discuss\u00e3o deve ser feita em todas as esferas da sociedade.<br \/>\n\u201c\u00c9 preciso medidas concretas contra o processo de privatiza\u00e7\u00e3o do Hospital Geral Cl\u00e9riston Andrade\u201d, pediu. O apoio da C\u00e2mara Municipal tamb\u00e9m foi ressaltada. \u201cQueremos que o empenho desta Casa seja a defesa incondicional em favor de uma pol\u00edtica de implanta\u00e7\u00e3o de sa\u00fade no munic\u00edpio, no estado e no pa\u00eds\u201d, declarou.<br \/>\nInalba ressaltou que o Sindsa\u00fade j\u00e1 conseguiu \u201cbarrar\u201d alguns processos, em algumas cidades e em alguns hospitais. \u201cA luta \u00e9 dura, porque n\u00f3s estamos brigando n\u00e3o \u00e9 s\u00f3 contra um poder n\u00e3o. \u00c9 um poder econ\u00f4mico institu\u00eddo no Brasil, onde o lucro vale mais que a sa\u00fade\u201d, afirmou.<\/p>\n","protected":false},"excerpt":{"rendered":"<p>A privatiza\u00e7\u00e3o do Hospital Geral Cl\u00e9riston Andrade foi repudiada durante uma manifesta\u00e7\u00e3o realizada pelo Sindsa\u00fade-Ba, Sidimed, trabalhadores, usu\u00e1rios e a popula\u00e7\u00e3o do munic\u00edpio, na \u00faltima sexta-feira (1\u00ba). O protesto aconteceu na Avenida Get\u00falio Vargas, uma das mais movimentadas da cidade. Ap\u00f3s o ato,\u00a0 foi realizada&#8230;<\/p>\n","protected":false},"author":2,"featured_media":860,"comment_status":"open","ping_status":"open","sticky":false,"template":"","format":"standard","meta":[],"categories":[8],"tags":[],"amp_validity":null,"amp_enabled":true,"_links":{"self":[{"href":"https:\/\/sindsaudeba.org.br\/portal\/wp-json\/wp\/v2\/posts\/859"}],"collection":[{"href":"https:\/\/sindsaudeba.org.br\/portal\/wp-json\/wp\/v2\/posts"}],"about":[{"href":"https:\/\/sindsaudeba.org.br\/portal\/wp-json\/wp\/v2\/types\/post"}],"author":[{"embeddable":true,"href":"https:\/\/sindsaudeba.org.br\/portal\/wp-json\/wp\/v2\/users\/2"}],"replies":[{"embeddable":true,"href":"https:\/\/sindsaudeba.org.br\/portal\/wp-json\/wp\/v2\/comments?post=859"}],"version-history":[{"count":1,"href":"https:\/\/sindsaudeba.org.br\/portal\/wp-json\/wp\/v2\/posts\/859\/revisions"}],"predecessor-version":[{"id":14577,"href":"https:\/\/sindsaudeba.org.br\/portal\/wp-json\/wp\/v2\/posts\/859\/revisions\/14577"}],"wp:featuredmedia":[{"embeddable":true,"href":"https:\/\/sindsaudeba.org.br\/portal\/wp-json\/wp\/v2\/media\/860"}],"wp:attachment":[{"href":"https:\/\/sindsaudeba.org.br\/portal\/wp-json\/wp\/v2\/media?parent=859"}],"wp:term":[{"taxonomy":"category","embeddable":true,"href":"https:\/\/sindsaudeba.org.br\/portal\/wp-json\/wp\/v2\/categories?post=859"},{"taxonomy":"post_tag","embeddable":true,"href":"https:\/\/sindsaudeba.org.br\/portal\/wp-json\/wp\/v2\/tags?post=859"}],"curies":[{"name":"wp","href":"https:\/\/api.w.org\/{rel}","templated":true}]}}