{"id":817,"date":"2013-03-01T20:10:26","date_gmt":"2013-03-01T23:10:26","guid":{"rendered":"http:\/\/www.sindsaudeba.org.br\/novo\/?p=817"},"modified":"2019-12-13T18:00:30","modified_gmt":"2019-12-13T21:00:30","slug":"convocacao-manifestacao-contra-a-privatizacao-do-hgca-nesta-sexta-1o","status":"publish","type":"post","link":"https:\/\/sindsaudeba.org.br\/portal\/blog\/convocacao-manifestacao-contra-a-privatizacao-do-hgca-nesta-sexta-1o\/","title":{"rendered":"Convoca\u00e7\u00e3o: Manifesta\u00e7\u00e3o contra a privatiza\u00e7\u00e3o do HGCA nesta sexta (1\u00ba)"},"content":{"rendered":"<p><strong>O Sindicato dos Trabalhadores em Sa\u00fade do Estado da Bahia &#8211; Sindsa\u00fade-Ba e o Sindicato dos M\u00e9dicos da Bahia &#8211; Sindimed convocam os trabalhadores, sociedade civil organizada, usu\u00e1rios e<\/strong><strong>\u00a0<\/strong><strong>a popula\u00e7\u00e3o de Feira de Santana para manifesta\u00e7\u00e3o\u00a0contra a privatiza\u00e7\u00e3o do Hospital Geral Cl\u00e9riston Andrade. A concentra\u00e7\u00e3o ser\u00e1 pr\u00f3ximo ao Minist\u00e9rio P\u00fablico, na Avenida Get\u00falio Vargas, nesta sexta-feira, dia 1\u00ba mar\u00e7o,\u00a0 \u00e0s\u00a07 horas. Em seguida, \u00e0s 9 horas, haver\u00e1 audi\u00eancia p\u00fablica na C\u00e2mara Municipal. <\/strong><br \/>\n<strong>Participe dessa luta que tamb\u00e9m \u00e9 sua!<\/strong><\/p>\n","protected":false},"excerpt":{"rendered":"<p>O Sindicato dos Trabalhadores em Sa\u00fade do Estado da Bahia &#8211; Sindsa\u00fade-Ba e o Sindicato dos M\u00e9dicos da Bahia &#8211; Sindimed convocam os trabalhadores, sociedade civil organizada, usu\u00e1rios e\u00a0a popula\u00e7\u00e3o de Feira de Santana para manifesta\u00e7\u00e3o\u00a0contra a privatiza\u00e7\u00e3o do Hospital Geral Cl\u00e9riston Andrade. A concentra\u00e7\u00e3o&#8230;<\/p>\n","protected":false},"author":2,"featured_media":821,"comment_status":"open","ping_status":"open","sticky":false,"template":"","format":"standard","meta":[],"categories":[11],"tags":[],"amp_validity":null,"amp_enabled":true,"_links":{"self":[{"href":"https:\/\/sindsaudeba.org.br\/portal\/wp-json\/wp\/v2\/posts\/817"}],"collection":[{"href":"https:\/\/sindsaudeba.org.br\/portal\/wp-json\/wp\/v2\/posts"}],"about":[{"href":"https:\/\/sindsaudeba.org.br\/portal\/wp-json\/wp\/v2\/types\/post"}],"author":[{"embeddable":true,"href":"https:\/\/sindsaudeba.org.br\/portal\/wp-json\/wp\/v2\/users\/2"}],"replies":[{"embeddable":true,"href":"https:\/\/sindsaudeba.org.br\/portal\/wp-json\/wp\/v2\/comments?post=817"}],"version-history":[{"count":1,"href":"https:\/\/sindsaudeba.org.br\/portal\/wp-json\/wp\/v2\/posts\/817\/revisions"}],"predecessor-version":[{"id":14582,"href":"https:\/\/sindsaudeba.org.br\/portal\/wp-json\/wp\/v2\/posts\/817\/revisions\/14582"}],"wp:featuredmedia":[{"embeddable":true,"href":"https:\/\/sindsaudeba.org.br\/portal\/wp-json\/wp\/v2\/media\/821"}],"wp:attachment":[{"href":"https:\/\/sindsaudeba.org.br\/portal\/wp-json\/wp\/v2\/media?parent=817"}],"wp:term":[{"taxonomy":"category","embeddable":true,"href":"https:\/\/sindsaudeba.org.br\/portal\/wp-json\/wp\/v2\/categories?post=817"},{"taxonomy":"post_tag","embeddable":true,"href":"https:\/\/sindsaudeba.org.br\/portal\/wp-json\/wp\/v2\/tags?post=817"}],"curies":[{"name":"wp","href":"https:\/\/api.w.org\/{rel}","templated":true}]}}