{"id":811,"date":"2013-03-01T15:27:41","date_gmt":"2013-03-01T18:27:41","guid":{"rendered":"http:\/\/www.sindsaudeba.org.br\/novo\/?p=811"},"modified":"2019-12-13T18:00:30","modified_gmt":"2019-12-13T21:00:30","slug":"trabalhadores-demitidos-do-psf-vao-reiterar-pedido-de-audiencia-com-prefeito","status":"publish","type":"post","link":"https:\/\/sindsaudeba.org.br\/portal\/blog\/trabalhadores-demitidos-do-psf-vao-reiterar-pedido-de-audiencia-com-prefeito\/","title":{"rendered":"Trabalhadores demitidos do PSF v\u00e3o reiterar pedido de audi\u00eancia com prefeito ACM Neto"},"content":{"rendered":"<p>Trabalhadores desligados do Programa Sa\u00fade da Fam\u00edlia (PSF) se reuniram com a diretoria do Sindsa\u00fade-Ba, na sede do sindicato, nesta sexta-feira (1\u00ba), para discutirem a garantia dos seus direitos trabalhistas. Os profissionais deliberaram que v\u00e3o reiterar o pedido de audi\u00eancia com o prefeito ACM Neto.<br \/>\nRegidos por um TAC firmado entre a prefeitura e o MPT (Minist\u00e9rio P\u00fablico do Trabalho), os trabalhadores do PSF reivindicam tamb\u00e9m o pagamento dos direitos trabalhistas como INSS, FGTS e 1\/3 de f\u00e9rias.<br \/>\nMobilizados desde a paralisa\u00e7\u00e3o de 48 horas iniciada na \u00faltima segunda-feira (25), os trabalhadores ocupar\u00e3o, no pr\u00f3ximo dia 12, a C\u00e2mara de Vereadores para pedir o apoio da comiss\u00e3o de vereadores que est\u00e1 intermediando as negocia\u00e7\u00f5es entre os trabalhadores e a prefeitura.<br \/>\n&nbsp;<\/p>\n","protected":false},"excerpt":{"rendered":"<p>Trabalhadores desligados do Programa Sa\u00fade da Fam\u00edlia (PSF) se reuniram com a diretoria do Sindsa\u00fade-Ba, na sede do sindicato, nesta sexta-feira (1\u00ba), para discutirem a garantia dos seus direitos trabalhistas. Os profissionais deliberaram que v\u00e3o reiterar o pedido de audi\u00eancia com o prefeito ACM Neto&#8230;.<\/p>\n","protected":false},"author":2,"featured_media":812,"comment_status":"open","ping_status":"open","sticky":false,"template":"","format":"standard","meta":[],"categories":[8],"tags":[],"amp_validity":null,"amp_enabled":true,"_links":{"self":[{"href":"https:\/\/sindsaudeba.org.br\/portal\/wp-json\/wp\/v2\/posts\/811"}],"collection":[{"href":"https:\/\/sindsaudeba.org.br\/portal\/wp-json\/wp\/v2\/posts"}],"about":[{"href":"https:\/\/sindsaudeba.org.br\/portal\/wp-json\/wp\/v2\/types\/post"}],"author":[{"embeddable":true,"href":"https:\/\/sindsaudeba.org.br\/portal\/wp-json\/wp\/v2\/users\/2"}],"replies":[{"embeddable":true,"href":"https:\/\/sindsaudeba.org.br\/portal\/wp-json\/wp\/v2\/comments?post=811"}],"version-history":[{"count":1,"href":"https:\/\/sindsaudeba.org.br\/portal\/wp-json\/wp\/v2\/posts\/811\/revisions"}],"predecessor-version":[{"id":14584,"href":"https:\/\/sindsaudeba.org.br\/portal\/wp-json\/wp\/v2\/posts\/811\/revisions\/14584"}],"wp:featuredmedia":[{"embeddable":true,"href":"https:\/\/sindsaudeba.org.br\/portal\/wp-json\/wp\/v2\/media\/812"}],"wp:attachment":[{"href":"https:\/\/sindsaudeba.org.br\/portal\/wp-json\/wp\/v2\/media?parent=811"}],"wp:term":[{"taxonomy":"category","embeddable":true,"href":"https:\/\/sindsaudeba.org.br\/portal\/wp-json\/wp\/v2\/categories?post=811"},{"taxonomy":"post_tag","embeddable":true,"href":"https:\/\/sindsaudeba.org.br\/portal\/wp-json\/wp\/v2\/tags?post=811"}],"curies":[{"name":"wp","href":"https:\/\/api.w.org\/{rel}","templated":true}]}}