{"id":806,"date":"2013-02-28T10:32:20","date_gmt":"2013-02-28T13:32:20","guid":{"rendered":"http:\/\/www.sindsaudeba.org.br\/novo\/?p=806"},"modified":"2019-12-13T18:00:30","modified_gmt":"2019-12-13T21:00:30","slug":"com-greve-de-vigilantes-sindsaude-ba-pede-segurancas-nas-unidades-de-saude","status":"publish","type":"post","link":"https:\/\/sindsaudeba.org.br\/portal\/blog\/com-greve-de-vigilantes-sindsaude-ba-pede-segurancas-nas-unidades-de-saude\/","title":{"rendered":"Com greve de vigilantes, Sindsa\u00fade-Ba pede seguran\u00e7a nas unidades de sa\u00fade a Sesab"},"content":{"rendered":"<p>A greve dos vigilantes est\u00e1 afetando o funcionamento das unidades de sa\u00fade em todo estado. Diante da situa\u00e7\u00e3o de inseguran\u00e7a, o Sindicato dos Trabalhadores em Sa\u00fade do Estado da Bahia (Sindsa\u00fade-Ba), solicita ao governo do estado, atrav\u00e9s da Secretaria da Sa\u00fade (Sesab) medidas urgentes de prote\u00e7\u00e3o para os trabalhadores e usu\u00e1rios da rede de assist\u00eancia, principalmente nos setores de urg\u00eancia e emerg\u00eancia. O Sindsa\u00fade-Ba reconhece o direito e a legalidade da greve dos vigilantes e cobra do poder p\u00fablico a responsabilidade pela garantia da seguran\u00e7a dos servidores e pacientes do SUS.<\/p>\n","protected":false},"excerpt":{"rendered":"<p>A greve dos vigilantes est\u00e1 afetando o funcionamento das unidades de sa\u00fade em todo estado. Diante da situa\u00e7\u00e3o de inseguran\u00e7a, o Sindicato dos Trabalhadores em Sa\u00fade do Estado da Bahia (Sindsa\u00fade-Ba), solicita ao governo do estado, atrav\u00e9s da Secretaria da Sa\u00fade (Sesab) medidas urgentes de&#8230;<\/p>\n","protected":false},"author":2,"featured_media":807,"comment_status":"open","ping_status":"open","sticky":false,"template":"","format":"standard","meta":[],"categories":[11],"tags":[],"amp_validity":null,"amp_enabled":true,"_links":{"self":[{"href":"https:\/\/sindsaudeba.org.br\/portal\/wp-json\/wp\/v2\/posts\/806"}],"collection":[{"href":"https:\/\/sindsaudeba.org.br\/portal\/wp-json\/wp\/v2\/posts"}],"about":[{"href":"https:\/\/sindsaudeba.org.br\/portal\/wp-json\/wp\/v2\/types\/post"}],"author":[{"embeddable":true,"href":"https:\/\/sindsaudeba.org.br\/portal\/wp-json\/wp\/v2\/users\/2"}],"replies":[{"embeddable":true,"href":"https:\/\/sindsaudeba.org.br\/portal\/wp-json\/wp\/v2\/comments?post=806"}],"version-history":[{"count":1,"href":"https:\/\/sindsaudeba.org.br\/portal\/wp-json\/wp\/v2\/posts\/806\/revisions"}],"predecessor-version":[{"id":14585,"href":"https:\/\/sindsaudeba.org.br\/portal\/wp-json\/wp\/v2\/posts\/806\/revisions\/14585"}],"wp:featuredmedia":[{"embeddable":true,"href":"https:\/\/sindsaudeba.org.br\/portal\/wp-json\/wp\/v2\/media\/807"}],"wp:attachment":[{"href":"https:\/\/sindsaudeba.org.br\/portal\/wp-json\/wp\/v2\/media?parent=806"}],"wp:term":[{"taxonomy":"category","embeddable":true,"href":"https:\/\/sindsaudeba.org.br\/portal\/wp-json\/wp\/v2\/categories?post=806"},{"taxonomy":"post_tag","embeddable":true,"href":"https:\/\/sindsaudeba.org.br\/portal\/wp-json\/wp\/v2\/tags?post=806"}],"curies":[{"name":"wp","href":"https:\/\/api.w.org\/{rel}","templated":true}]}}