{"id":801,"date":"2013-02-27T12:58:31","date_gmt":"2013-02-27T15:58:31","guid":{"rendered":"http:\/\/www.sindsaudeba.org.br\/novo\/?p=801"},"modified":"2019-12-13T18:00:30","modified_gmt":"2019-12-13T21:00:30","slug":"terceirizados-do-psf-retornam-as-atividades-depois-de-paralisacao-de-48-horas","status":"publish","type":"post","link":"https:\/\/sindsaudeba.org.br\/portal\/blog\/terceirizados-do-psf-retornam-as-atividades-depois-de-paralisacao-de-48-horas\/","title":{"rendered":"Terceirizados do PSF retornam \u00e0s atividades depois de paralisa\u00e7\u00e3o de 48 horas"},"content":{"rendered":"<p><a href=\"http:\/\/www.sindsaudeba.org.br\/novo\/wp-content\/uploads\/2013\/02\/ass1.jpg\"><img loading=\"lazy\" class=\"alignleft size-medium wp-image-803\" title=\"ass1\" src=\"http:\/\/www.sindsaudeba.org.br\/novo\/wp-content\/uploads\/2013\/02\/ass1-300x200.jpg\" alt=\"\" width=\"300\" height=\"200\" \/><\/a>Em assembleia realizada na tarde da \u00faltima ter\u00e7a-feira (27), na Associa\u00e7\u00e3o dos Funcion\u00e1rios P\u00fablicos do Estado, os terceirizados do Programa Sa\u00fade da Fam\u00edlia (PSF) decidiram retornar \u00e0s atividades nesta quarta (27), ap\u00f3s uma paralisa\u00e7\u00e3o de 48 horas. Os \u00a0profissionais permanecem mobilizados, mas acataram o prazo de 15 dias para pagamento do sal\u00e1rio de dezembro de 2012, estabelecido pelo secret\u00e1rio da Sa\u00fade, Jos\u00e9 Ant\u00f4nio Rodrigues.<br \/>\nCaso a Secretaria da Sa\u00fade do Munic\u00edpio n\u00e3o cumpra o prazo do repasse, os terceirizados e o sindicato ir\u00e3o recorrer \u00e0 comiss\u00e3o de vereadores que est\u00e1 intermediando as negocia\u00e7\u00f5es entre os trabalhadores e a prefeitura. J\u00e1 o sal\u00e1rio do m\u00eas de fevereiro tem prazo para pagamento at\u00e9 o quinto dia \u00fatil do m\u00eas de mar\u00e7o. Os terceirizados aguardam nova reuni\u00e3o com o secret\u00e1rio da sa\u00fade para discutir os outros pontos da pauta de reivindica\u00e7\u00e3o da categoria.<br \/>\nNa pr\u00f3xima sexta-feira (1\u00ba de mar\u00e7o), o Sindsa\u00fade-Ba realizar\u00e1 uma reuni\u00e3o com os trabalhadores demitidos do PSF, na sede do sindicato, no Campo da P\u00f3lvora, \u00e0s 14h. Regidos por um TAC firmado entre a prefeitura e o MPT (Minist\u00e9rio P\u00fablico do Trabalho), os trabalhadores do PSF reivindicam tamb\u00e9m o pagamento dos direitos trabalhistas como INSS, FGTS e 1\/3 de f\u00e9rias.<\/p>\n","protected":false},"excerpt":{"rendered":"<p>Em assembleia realizada na tarde da \u00faltima ter\u00e7a-feira (27), na Associa\u00e7\u00e3o dos Funcion\u00e1rios P\u00fablicos do Estado, os terceirizados do Programa Sa\u00fade da Fam\u00edlia (PSF) decidiram retornar \u00e0s atividades nesta quarta (27), ap\u00f3s uma paralisa\u00e7\u00e3o de 48 horas. Os \u00a0profissionais permanecem mobilizados, mas acataram o prazo&#8230;<\/p>\n","protected":false},"author":2,"featured_media":802,"comment_status":"open","ping_status":"open","sticky":false,"template":"","format":"standard","meta":[],"categories":[11],"tags":[],"amp_validity":null,"amp_enabled":true,"_links":{"self":[{"href":"https:\/\/sindsaudeba.org.br\/portal\/wp-json\/wp\/v2\/posts\/801"}],"collection":[{"href":"https:\/\/sindsaudeba.org.br\/portal\/wp-json\/wp\/v2\/posts"}],"about":[{"href":"https:\/\/sindsaudeba.org.br\/portal\/wp-json\/wp\/v2\/types\/post"}],"author":[{"embeddable":true,"href":"https:\/\/sindsaudeba.org.br\/portal\/wp-json\/wp\/v2\/users\/2"}],"replies":[{"embeddable":true,"href":"https:\/\/sindsaudeba.org.br\/portal\/wp-json\/wp\/v2\/comments?post=801"}],"version-history":[{"count":1,"href":"https:\/\/sindsaudeba.org.br\/portal\/wp-json\/wp\/v2\/posts\/801\/revisions"}],"predecessor-version":[{"id":14586,"href":"https:\/\/sindsaudeba.org.br\/portal\/wp-json\/wp\/v2\/posts\/801\/revisions\/14586"}],"wp:featuredmedia":[{"embeddable":true,"href":"https:\/\/sindsaudeba.org.br\/portal\/wp-json\/wp\/v2\/media\/802"}],"wp:attachment":[{"href":"https:\/\/sindsaudeba.org.br\/portal\/wp-json\/wp\/v2\/media?parent=801"}],"wp:term":[{"taxonomy":"category","embeddable":true,"href":"https:\/\/sindsaudeba.org.br\/portal\/wp-json\/wp\/v2\/categories?post=801"},{"taxonomy":"post_tag","embeddable":true,"href":"https:\/\/sindsaudeba.org.br\/portal\/wp-json\/wp\/v2\/tags?post=801"}],"curies":[{"name":"wp","href":"https:\/\/api.w.org\/{rel}","templated":true}]}}