{"id":796,"date":"2013-02-27T11:36:31","date_gmt":"2013-02-27T14:36:31","guid":{"rendered":"http:\/\/www.sindsaudeba.org.br\/novo\/?p=796"},"modified":"2019-12-13T18:00:30","modified_gmt":"2019-12-13T21:00:30","slug":"protesto-contra-privatizacao-marca-195o-reuniao-do-ces","status":"publish","type":"post","link":"https:\/\/sindsaudeba.org.br\/portal\/blog\/protesto-contra-privatizacao-marca-195o-reuniao-do-ces\/","title":{"rendered":"Protesto contra privatiza\u00e7\u00e3o de hospitais marca 195\u00ba reuni\u00e3o do CES"},"content":{"rendered":"<p>A realiza\u00e7\u00e3o de um semin\u00e1rio para discutir as privatiza\u00e7\u00f5es das unidades hospitalares do SUS na Bahia foi uma das delibera\u00e7\u00f5es tomadas durante a 195\u00ba Reuni\u00e3o Ordin\u00e1ria do Conselho Estadual da Sa\u00fade, realizada na \u00faltima quinta-feira (21), na Assembleia Legislativa da Bahia. A reuni\u00e3o contou com a participa\u00e7\u00e3o de dezenas de servidores dos hospitais Manoel Victorino, Couto Maia, Dom Rodrigo de Mezeses, em Salvador, e Cl\u00e9riston Andrade, em Feira de Santana, que realizam manifesta\u00e7\u00e3o contra a terceiriza\u00e7\u00e3o na sa\u00fade.<br \/>\nConselheiros, trabalhadores e representantes do Sindsa\u00fade-Ba e Sindimed, questionaram ao secret\u00e1rio da Sa\u00fade da Bahia, Jorge Solla, a aus\u00eancia de discuss\u00e3o das privatiza\u00e7\u00f5es desses hospitais no CES, inst\u00e2ncia colegiada do SUS.<br \/>\n\u201cN\u00f3s n\u00e3o podemos ser omissos a isso. O Conselho Estadual da Sa\u00fade foi desconsiderado. S\u00f3 ficamos sabendo das not\u00edcias atrav\u00e9s da imprensa ou do Di\u00e1rio Oficial\u201d, questionou o conselheiro e diretor do Sindsa\u00fade-Ba, Silvio Roberto dos Anjos e Silva.<br \/>\nCom cartazes e faixas, os trabalhadores demonstraram insatisfa\u00e7\u00e3o com a medida unilateral do governo em aprovar as privatiza\u00e7\u00f5es sem consulta p\u00fablica. Os conselheiros e trabalhadores dos hospitais que passam pelo processo de privatiza\u00e7\u00e3o questionaram ainda as quais as garantias trabalhistas ap\u00f3s a mudan\u00e7a de gest\u00e3o nas unidades.<\/p>\n","protected":false},"excerpt":{"rendered":"<p>A realiza\u00e7\u00e3o de um semin\u00e1rio para discutir as privatiza\u00e7\u00f5es das unidades hospitalares do SUS na Bahia foi uma das delibera\u00e7\u00f5es tomadas durante a 195\u00ba Reuni\u00e3o Ordin\u00e1ria do Conselho Estadual da Sa\u00fade, realizada na \u00faltima quinta-feira (21), na Assembleia Legislativa da Bahia. A reuni\u00e3o contou com&#8230;<\/p>\n","protected":false},"author":2,"featured_media":797,"comment_status":"open","ping_status":"open","sticky":false,"template":"","format":"standard","meta":[],"categories":[7],"tags":[],"amp_validity":null,"amp_enabled":true,"_links":{"self":[{"href":"https:\/\/sindsaudeba.org.br\/portal\/wp-json\/wp\/v2\/posts\/796"}],"collection":[{"href":"https:\/\/sindsaudeba.org.br\/portal\/wp-json\/wp\/v2\/posts"}],"about":[{"href":"https:\/\/sindsaudeba.org.br\/portal\/wp-json\/wp\/v2\/types\/post"}],"author":[{"embeddable":true,"href":"https:\/\/sindsaudeba.org.br\/portal\/wp-json\/wp\/v2\/users\/2"}],"replies":[{"embeddable":true,"href":"https:\/\/sindsaudeba.org.br\/portal\/wp-json\/wp\/v2\/comments?post=796"}],"version-history":[{"count":1,"href":"https:\/\/sindsaudeba.org.br\/portal\/wp-json\/wp\/v2\/posts\/796\/revisions"}],"predecessor-version":[{"id":14587,"href":"https:\/\/sindsaudeba.org.br\/portal\/wp-json\/wp\/v2\/posts\/796\/revisions\/14587"}],"wp:featuredmedia":[{"embeddable":true,"href":"https:\/\/sindsaudeba.org.br\/portal\/wp-json\/wp\/v2\/media\/797"}],"wp:attachment":[{"href":"https:\/\/sindsaudeba.org.br\/portal\/wp-json\/wp\/v2\/media?parent=796"}],"wp:term":[{"taxonomy":"category","embeddable":true,"href":"https:\/\/sindsaudeba.org.br\/portal\/wp-json\/wp\/v2\/categories?post=796"},{"taxonomy":"post_tag","embeddable":true,"href":"https:\/\/sindsaudeba.org.br\/portal\/wp-json\/wp\/v2\/tags?post=796"}],"curies":[{"name":"wp","href":"https:\/\/api.w.org\/{rel}","templated":true}]}}