{"id":777,"date":"2013-02-25T14:06:08","date_gmt":"2013-02-25T17:06:08","guid":{"rendered":"http:\/\/www.sindsaudeba.org.br\/novo\/?p=777"},"modified":"2019-12-13T18:00:30","modified_gmt":"2019-12-13T21:00:30","slug":"convocacao-assembleia-geral-do-psf-nesta-terca-26-na-assoc-dos-funcionarios-publicos-as-14h","status":"publish","type":"post","link":"https:\/\/sindsaudeba.org.br\/portal\/blog\/convocacao-assembleia-geral-do-psf-nesta-terca-26-na-assoc-dos-funcionarios-publicos-as-14h\/","title":{"rendered":"Convoca\u00e7\u00e3o: Assembleia Geral do PSF na Assoc.dos Funcion\u00e1rios P\u00fablicos, nesta ter\u00e7a (26), \u00e0s 14h"},"content":{"rendered":"<p>&nbsp;<br \/>\n<strong>O Sindsa\u00fade-Ba convoca os servidores do PSF para Assembleia Geral que ser\u00e1 realizada nesta ter\u00e7a-feira (26) para definir os rumos do movimento<\/strong><br \/>\n&nbsp;<\/p>\n<h2>O qu\u00ea: Assembleia Geral do PSF<\/h2>\n<h2>Dia: 26\/02\/2013<\/h2>\n<h2>Hor\u00e1rio: 14h<\/h2>\n<h2>Local: Associa\u00e7\u00e3o dos Funcion\u00e1rios P\u00fablicos &#8211; Carlos Gomes<\/h2>\n<p>&nbsp;<\/p>\n<h2>Os trabalhadores e o Sindsa\u00fade-Ba n\u00e3o aceitam tanto desrespeito e descaso com a sa\u00fade da popula\u00e7\u00e3o! Todos \u00e0 luta!<\/h2>\n","protected":false},"excerpt":{"rendered":"<p>&nbsp; O Sindsa\u00fade-Ba convoca os servidores do PSF para Assembleia Geral que ser\u00e1 realizada nesta ter\u00e7a-feira (26) para definir os rumos do movimento &nbsp; O qu\u00ea: Assembleia Geral do PSF Dia: 26\/02\/2013 Hor\u00e1rio: 14h Local: Associa\u00e7\u00e3o dos Funcion\u00e1rios P\u00fablicos &#8211; Carlos Gomes &nbsp; Os trabalhadores&#8230;<\/p>\n","protected":false},"author":2,"featured_media":781,"comment_status":"open","ping_status":"open","sticky":false,"template":"","format":"standard","meta":[],"categories":[11],"tags":[],"amp_validity":null,"amp_enabled":true,"_links":{"self":[{"href":"https:\/\/sindsaudeba.org.br\/portal\/wp-json\/wp\/v2\/posts\/777"}],"collection":[{"href":"https:\/\/sindsaudeba.org.br\/portal\/wp-json\/wp\/v2\/posts"}],"about":[{"href":"https:\/\/sindsaudeba.org.br\/portal\/wp-json\/wp\/v2\/types\/post"}],"author":[{"embeddable":true,"href":"https:\/\/sindsaudeba.org.br\/portal\/wp-json\/wp\/v2\/users\/2"}],"replies":[{"embeddable":true,"href":"https:\/\/sindsaudeba.org.br\/portal\/wp-json\/wp\/v2\/comments?post=777"}],"version-history":[{"count":1,"href":"https:\/\/sindsaudeba.org.br\/portal\/wp-json\/wp\/v2\/posts\/777\/revisions"}],"predecessor-version":[{"id":14589,"href":"https:\/\/sindsaudeba.org.br\/portal\/wp-json\/wp\/v2\/posts\/777\/revisions\/14589"}],"wp:featuredmedia":[{"embeddable":true,"href":"https:\/\/sindsaudeba.org.br\/portal\/wp-json\/wp\/v2\/media\/781"}],"wp:attachment":[{"href":"https:\/\/sindsaudeba.org.br\/portal\/wp-json\/wp\/v2\/media?parent=777"}],"wp:term":[{"taxonomy":"category","embeddable":true,"href":"https:\/\/sindsaudeba.org.br\/portal\/wp-json\/wp\/v2\/categories?post=777"},{"taxonomy":"post_tag","embeddable":true,"href":"https:\/\/sindsaudeba.org.br\/portal\/wp-json\/wp\/v2\/tags?post=777"}],"curies":[{"name":"wp","href":"https:\/\/api.w.org\/{rel}","templated":true}]}}