{"id":769,"date":"2013-02-23T18:25:08","date_gmt":"2013-02-23T21:25:08","guid":{"rendered":"http:\/\/www.sindsaudeba.org.br\/novo\/?p=769"},"modified":"2019-12-13T18:00:31","modified_gmt":"2019-12-13T21:00:31","slug":"convocao-psf-paralisacao-e-manifestacao-em-frente-a-prefeitura-nesta-segunda-25-as-9h","status":"publish","type":"post","link":"https:\/\/sindsaudeba.org.br\/portal\/blog\/convocao-psf-paralisacao-e-manifestacao-em-frente-a-prefeitura-nesta-segunda-25-as-9h\/","title":{"rendered":"CONVOC\u00c3O PSF: Paralisa\u00e7\u00e3o e manifesta\u00e7\u00e3o em frente \u00e0 prefeitura nesta segunda (25), \u00e0s 9h"},"content":{"rendered":"<p>Os servidores do Programa Sa\u00fade da Fam\u00edlia (PSF) de Salvador, com v\u00ednculos prec\u00e1rios de trabalho h\u00e1 cinco anos, ir\u00e3o paralisar suas atividades por 48 horas, a partir da pr\u00f3xima segunda-feira (25), quando ser\u00e1 realizada uma manifesta\u00e7\u00e3o em frente \u00e0 prefeitura, \u00e0s 9h. A decis\u00e3o foi tomada em assembleia, na manh\u00e3 desta sexta-feira (22), no Sindicato dos Banc\u00e1rios.<br \/>\nOs trabalhadores reivindicam da prefeitura o pagamento do sal\u00e1rio do m\u00eas de dezembro de 2012, reajuste compat\u00edvel com as perdas salariais dos \u00faltimos cinco anos e a garantia dos direitos trabalhistas como INSS, FGTS, PIS\/PASEP e 1\/3 de f\u00e9rias. Tamb\u00e9m est\u00e3o sendo exigidos. A paralisa\u00e7\u00e3o atinge cerca de 1,4 mil profissionais que ser\u00e3o demitidos.<br \/>\nOs servidores terceirizados do PSF se encontram numa esp\u00e9cie de \u201climbo administrativo\u201d, e est\u00e3o regidos pelo TAC firmado entre a prefeitura e o MPT, expirado desde 2008. Com a paralisa\u00e7\u00e3o, a assist\u00eancia \u00e0 aten\u00e7\u00e3o b\u00e1sica nos postos do PSF, que j\u00e1 apresenta baix\u00edssima cobertura (cerca de 13% da popula\u00e7\u00e3o), ser\u00e1 ainda mais prejudicada.<br \/>\nO atendimento encontra-se precarizado devido ao d\u00e9ficit de profissional e as p\u00e9ssimas condi\u00e7\u00f5es de trabalho. Mesmo com seus v\u00ednculos precarizados os servidores clamam por melhores condi\u00e7\u00f5es de trabalho, alegando total abandono da sa\u00fade por parte dos governos, at\u00e9 aqui, sem solu\u00e7\u00e3o.<\/p>\n<h1>TODOS \u00c0 MANIFESTA\u00c7\u00c3O NESSA SEGUNDA, DIA 25\/02 \u2013 \u00c0S 9 H , EM FRENTE \u00c0 PREFEITURA!<\/h1>\n<h1>V\u00c1 DE BRANCO OU DE JALECO!<\/h1>\n<p>&nbsp;<br \/>\n&nbsp;<br \/>\n&nbsp;<br \/>\n&nbsp;<\/p>\n","protected":false},"excerpt":{"rendered":"<p>Os servidores do Programa Sa\u00fade da Fam\u00edlia (PSF) de Salvador, com v\u00ednculos prec\u00e1rios de trabalho h\u00e1 cinco anos, ir\u00e3o paralisar suas atividades por 48 horas, a partir da pr\u00f3xima segunda-feira (25), quando ser\u00e1 realizada uma manifesta\u00e7\u00e3o em frente \u00e0 prefeitura, \u00e0s 9h. A decis\u00e3o foi&#8230;<\/p>\n","protected":false},"author":2,"featured_media":770,"comment_status":"open","ping_status":"open","sticky":false,"template":"","format":"standard","meta":[],"categories":[11,10],"tags":[],"amp_validity":null,"amp_enabled":true,"_links":{"self":[{"href":"https:\/\/sindsaudeba.org.br\/portal\/wp-json\/wp\/v2\/posts\/769"}],"collection":[{"href":"https:\/\/sindsaudeba.org.br\/portal\/wp-json\/wp\/v2\/posts"}],"about":[{"href":"https:\/\/sindsaudeba.org.br\/portal\/wp-json\/wp\/v2\/types\/post"}],"author":[{"embeddable":true,"href":"https:\/\/sindsaudeba.org.br\/portal\/wp-json\/wp\/v2\/users\/2"}],"replies":[{"embeddable":true,"href":"https:\/\/sindsaudeba.org.br\/portal\/wp-json\/wp\/v2\/comments?post=769"}],"version-history":[{"count":1,"href":"https:\/\/sindsaudeba.org.br\/portal\/wp-json\/wp\/v2\/posts\/769\/revisions"}],"predecessor-version":[{"id":14590,"href":"https:\/\/sindsaudeba.org.br\/portal\/wp-json\/wp\/v2\/posts\/769\/revisions\/14590"}],"wp:featuredmedia":[{"embeddable":true,"href":"https:\/\/sindsaudeba.org.br\/portal\/wp-json\/wp\/v2\/media\/770"}],"wp:attachment":[{"href":"https:\/\/sindsaudeba.org.br\/portal\/wp-json\/wp\/v2\/media?parent=769"}],"wp:term":[{"taxonomy":"category","embeddable":true,"href":"https:\/\/sindsaudeba.org.br\/portal\/wp-json\/wp\/v2\/categories?post=769"},{"taxonomy":"post_tag","embeddable":true,"href":"https:\/\/sindsaudeba.org.br\/portal\/wp-json\/wp\/v2\/tags?post=769"}],"curies":[{"name":"wp","href":"https:\/\/api.w.org\/{rel}","templated":true}]}}