{"id":757,"date":"2013-02-21T11:56:16","date_gmt":"2013-02-21T14:56:16","guid":{"rendered":"http:\/\/www.sindsaudeba.org.br\/novo\/?p=757"},"modified":"2019-12-13T18:00:31","modified_gmt":"2019-12-13T21:00:31","slug":"servidores-e-sindicatos-discutem-privatizacao-de-hospitais-em-reuniao-do-ces","status":"publish","type":"post","link":"https:\/\/sindsaudeba.org.br\/portal\/blog\/servidores-e-sindicatos-discutem-privatizacao-de-hospitais-em-reuniao-do-ces\/","title":{"rendered":"Servidores e sindicatos discutem privatiza\u00e7\u00e3o de hospitais em reuni\u00e3o do CES"},"content":{"rendered":"<div id=\"attachment_759\" style=\"width: 294px\" class=\"wp-caption alignleft\"><a href=\"http:\/\/www.sindsaudeba.org.br\/novo\/wp-content\/uploads\/2013\/02\/alba1.jpg\"><img aria-describedby=\"caption-attachment-759\" loading=\"lazy\" class=\"size-full wp-image-759\" title=\"alba\" src=\"http:\/\/www.sindsaudeba.org.br\/novo\/wp-content\/uploads\/2013\/02\/alba1.jpg\" alt=\"\" width=\"284\" height=\"177\" \/><\/a><p id=\"caption-attachment-759\" class=\"wp-caption-text\">Reuni\u00e3o do CES acontece na Assembleia Legislativa nesta quinta (21)<\/p><\/div><br \/>\nServidores dos hospitais Manoel Victorino, Couto Maia, Dom Rodrigo de Mezeses, em Salvador, e Cl\u00e9riston Andrade, em Feira de Santana, realizam manifesta\u00e7\u00e3o contra as privatiza\u00e7\u00f5es das unidades de sa\u00fade, na Assembleia Legislativa da Bahia, nesta quinta-feira (21), a partir das 14h.<br \/>\nO protesto acontece durante a 195\u00aa Reuni\u00e3o Ordin\u00e1ria do Conselho Estadual da Sa\u00fade (CES), que ser\u00e1 realizado na sala Luiz Cabral. Os servidores, o Sindsa\u00fade-Ba e o Sindimed v\u00e3o questionar ao Secret\u00e1rio Estadual da Sa\u00fade, Jorge Solla, a aus\u00eancia de discuss\u00e3o das privatiza\u00e7\u00f5es desses hospitais no CES, inst\u00e2ncia colegiada do SUS.<\/p>\n","protected":false},"excerpt":{"rendered":"<p>Servidores dos hospitais Manoel Victorino, Couto Maia, Dom Rodrigo de Mezeses, em Salvador, e Cl\u00e9riston Andrade, em Feira de Santana, realizam manifesta\u00e7\u00e3o contra as privatiza\u00e7\u00f5es das unidades de sa\u00fade, na Assembleia Legislativa da Bahia, nesta quinta-feira (21), a partir das 14h. O protesto acontece durante&#8230;<\/p>\n","protected":false},"author":2,"featured_media":758,"comment_status":"open","ping_status":"open","sticky":false,"template":"","format":"standard","meta":[],"categories":[7],"tags":[],"amp_validity":null,"amp_enabled":true,"_links":{"self":[{"href":"https:\/\/sindsaudeba.org.br\/portal\/wp-json\/wp\/v2\/posts\/757"}],"collection":[{"href":"https:\/\/sindsaudeba.org.br\/portal\/wp-json\/wp\/v2\/posts"}],"about":[{"href":"https:\/\/sindsaudeba.org.br\/portal\/wp-json\/wp\/v2\/types\/post"}],"author":[{"embeddable":true,"href":"https:\/\/sindsaudeba.org.br\/portal\/wp-json\/wp\/v2\/users\/2"}],"replies":[{"embeddable":true,"href":"https:\/\/sindsaudeba.org.br\/portal\/wp-json\/wp\/v2\/comments?post=757"}],"version-history":[{"count":1,"href":"https:\/\/sindsaudeba.org.br\/portal\/wp-json\/wp\/v2\/posts\/757\/revisions"}],"predecessor-version":[{"id":14592,"href":"https:\/\/sindsaudeba.org.br\/portal\/wp-json\/wp\/v2\/posts\/757\/revisions\/14592"}],"wp:featuredmedia":[{"embeddable":true,"href":"https:\/\/sindsaudeba.org.br\/portal\/wp-json\/wp\/v2\/media\/758"}],"wp:attachment":[{"href":"https:\/\/sindsaudeba.org.br\/portal\/wp-json\/wp\/v2\/media?parent=757"}],"wp:term":[{"taxonomy":"category","embeddable":true,"href":"https:\/\/sindsaudeba.org.br\/portal\/wp-json\/wp\/v2\/categories?post=757"},{"taxonomy":"post_tag","embeddable":true,"href":"https:\/\/sindsaudeba.org.br\/portal\/wp-json\/wp\/v2\/tags?post=757"}],"curies":[{"name":"wp","href":"https:\/\/api.w.org\/{rel}","templated":true}]}}