{"id":748,"date":"2013-02-20T18:49:56","date_gmt":"2013-02-20T21:49:56","guid":{"rendered":"http:\/\/www.sindsaudeba.org.br\/novo\/?p=748"},"modified":"2019-12-13T18:00:31","modified_gmt":"2019-12-13T21:00:31","slug":"assembleia-discute-rumos-dos-terceirizados-do-psf-nesta-sexta-22","status":"publish","type":"post","link":"https:\/\/sindsaudeba.org.br\/portal\/blog\/assembleia-discute-rumos-dos-terceirizados-do-psf-nesta-sexta-22\/","title":{"rendered":"Assembleia discute rumos dos terceirizados do PSF nesta sexta (22)"},"content":{"rendered":"<p>O Sindsa\u00fade-Ba est\u00e1 convocando os servidores do Programa Sa\u00fade da Fam\u00edlia (PSF) para uma assembleia na qual ser\u00e1 discutido os caminhos a serem tomados para que a prefeitura de Salvador \u2013 Secret\u00e1ria Municipal da Sa\u00fade garanta o pagamento dos sal\u00e1rios em dia e os direitos trabalhistas dos profissionais vinculados pelo TAC (Termo de Ajustamento de Conduta). Lembrando que os contratados por REDA tamb\u00e9m se encontram em igual situa\u00e7\u00e3o. A Assembleia acontece na pr\u00f3xima sexta-feira (22), no Sindicato dos Banc\u00e1rios, \u00e0s 9h.<br \/>\nH\u00e1 cinco anos perdura uma situa\u00e7\u00e3o de desrespeito com os trabalhadores, que continuam dedicando sua for\u00e7a de trabalho, sem Plano de Carreira, aumento salarial, f\u00e9rias formais, pagamento de 1\/3 de f\u00e9rias, recolhimento do INSS, do FGTS e PIS, dentre outros direitos. Todas essas quest\u00f5es j\u00e1 foram documentadas pelo Sindsa\u00fade, que at\u00e9 ent\u00e3o. s\u00f3 foi informado, que est\u00e1 sendo criado um Grupo T\u00e9cnico de Trabalho. Na pauta de discuss\u00e3o tamb\u00e9m est\u00e1 a situa\u00e7\u00e3o do pagamento de dezembro de 2012.<br \/>\nRegidos pelo TAC firmado entre a prefeitura e o MPT (Minist\u00e9rio P\u00fablico do Trabalho) expirado desde 2008, os trabalhadores do PSF v\u00e3o discutir uma poss\u00edvel paralisa\u00e7\u00e3o das atividades, j\u00e1 nessa pr\u00f3xima segunda feira (25), caso as reivindica\u00e7\u00f5es da categoria n\u00e3o sejam atendidas.<br \/>\nMesmo com seus v\u00ednculos precarizados, os servidores clamam por melhores condi\u00e7\u00f5es de trabalho, alegando total abandono da sa\u00fade por parte dos governos, at\u00e9 aqui, sem solu\u00e7\u00e3o. Com a greve dos trabalhadores da higieniza\u00e7\u00e3o (terceirizados), a situa\u00e7\u00e3o ainda \u00e9 mais greve. Faltam profissionais e materiais m\u00ednimos para prestar atendimento \u00e0 popula\u00e7\u00e3o. A assembleia tamb\u00e9m tem o objetivo de discutir a situa\u00e7\u00e3o dos profissionais que ser\u00e3o demitidos para que as vagas sejam ocupadas pelos novos servidores concursados.<br \/>\nOs trabalhadores n\u00e3o aceitam tanto desrespeito e descaso com a sa\u00fade da popula\u00e7\u00e3o!<br \/>\nTODOS \u00c0 ASSEMBLEIA NESSA SEXTA, DIA 22\/02 \u2013 \u00c0S 9:00 H\u00a0 NO SINDICATO DOS BANCARIOS &#8211; MERC\u00caS<\/p>\n","protected":false},"excerpt":{"rendered":"<p>O Sindsa\u00fade-Ba est\u00e1 convocando os servidores do Programa Sa\u00fade da Fam\u00edlia (PSF) para uma assembleia na qual ser\u00e1 discutido os caminhos a serem tomados para que a prefeitura de Salvador \u2013 Secret\u00e1ria Municipal da Sa\u00fade garanta o pagamento dos sal\u00e1rios em dia e os direitos&#8230;<\/p>\n","protected":false},"author":2,"featured_media":749,"comment_status":"open","ping_status":"open","sticky":false,"template":"","format":"standard","meta":[],"categories":[11],"tags":[],"amp_validity":null,"amp_enabled":true,"_links":{"self":[{"href":"https:\/\/sindsaudeba.org.br\/portal\/wp-json\/wp\/v2\/posts\/748"}],"collection":[{"href":"https:\/\/sindsaudeba.org.br\/portal\/wp-json\/wp\/v2\/posts"}],"about":[{"href":"https:\/\/sindsaudeba.org.br\/portal\/wp-json\/wp\/v2\/types\/post"}],"author":[{"embeddable":true,"href":"https:\/\/sindsaudeba.org.br\/portal\/wp-json\/wp\/v2\/users\/2"}],"replies":[{"embeddable":true,"href":"https:\/\/sindsaudeba.org.br\/portal\/wp-json\/wp\/v2\/comments?post=748"}],"version-history":[{"count":1,"href":"https:\/\/sindsaudeba.org.br\/portal\/wp-json\/wp\/v2\/posts\/748\/revisions"}],"predecessor-version":[{"id":14593,"href":"https:\/\/sindsaudeba.org.br\/portal\/wp-json\/wp\/v2\/posts\/748\/revisions\/14593"}],"wp:featuredmedia":[{"embeddable":true,"href":"https:\/\/sindsaudeba.org.br\/portal\/wp-json\/wp\/v2\/media\/749"}],"wp:attachment":[{"href":"https:\/\/sindsaudeba.org.br\/portal\/wp-json\/wp\/v2\/media?parent=748"}],"wp:term":[{"taxonomy":"category","embeddable":true,"href":"https:\/\/sindsaudeba.org.br\/portal\/wp-json\/wp\/v2\/categories?post=748"},{"taxonomy":"post_tag","embeddable":true,"href":"https:\/\/sindsaudeba.org.br\/portal\/wp-json\/wp\/v2\/tags?post=748"}],"curies":[{"name":"wp","href":"https:\/\/api.w.org\/{rel}","templated":true}]}}