{"id":695,"date":"2013-02-18T11:54:40","date_gmt":"2013-02-18T14:54:40","guid":{"rendered":"http:\/\/www.sindsaudeba.org.br\/novo\/?p=695"},"modified":"2019-12-13T18:00:31","modified_gmt":"2019-12-13T21:00:31","slug":"servidores-do-hgca-e-sindicatos-discutem-medidas-juridicas-contra-privatizacao-da-unidade","status":"publish","type":"post","link":"https:\/\/sindsaudeba.org.br\/portal\/blog\/servidores-do-hgca-e-sindicatos-discutem-medidas-juridicas-contra-privatizacao-da-unidade\/","title":{"rendered":"Servidores do HGCA e sindicatos discutem medidas  jur\u00eddicas contra privatiza\u00e7\u00e3o da unidade"},"content":{"rendered":"<div id=\"attachment_697\" style=\"width: 310px\" class=\"wp-caption alignleft\"><a href=\"http:\/\/www.sindsaudeba.org.br\/novo\/wp-content\/uploads\/2013\/02\/capa3.jpg\"><img aria-describedby=\"caption-attachment-697\" loading=\"lazy\" class=\"size-medium wp-image-697\" title=\"capa3\" src=\"http:\/\/www.sindsaudeba.org.br\/novo\/wp-content\/uploads\/2013\/02\/capa3-300x225.jpg\" alt=\"\" width=\"300\" height=\"225\" \/><\/a><p id=\"caption-attachment-697\" class=\"wp-caption-text\">Reuni\u00e3o com representantes da Sesab<\/p><\/div><br \/>\nServidores do Hospital Geral Cl\u00e9riston Andrade, em Feira de Santana, protestaram contra a terceiriza\u00e7\u00e3o da unidade na manh\u00e3 da \u00faltima sexta-feira (15). A manifesta\u00e7\u00e3o aconteceu com a participa\u00e7\u00e3o do Sindsa\u00fade-Ba e Sindimed. Os sindicatos pretendem mover a\u00e7\u00f5es jur\u00eddicas contra a mudan\u00e7a de gest\u00e3o do (HGCA).<br \/>\nAp\u00f3s o ato, os servidores e sindicalistas participaram de uma reuni\u00e3o com a superintendente de Recursos Humanos da Secretaria de Sa\u00fade do Estado da Bahia (Sesab), Telma Dantas, e outros representantes do \u00f3rg\u00e3o.<br \/>\nA diretoria do Sindsa\u00fade-Ba, Inalba Fontenelle, contestou as afirma\u00e7\u00f5es dos representantes da Sesab de que a inten\u00e7\u00e3o de mudar a gest\u00e3o do HGCA para uma Organiza\u00e7\u00e3o Social (OS), n\u00e3o se configura uma privatiza\u00e7\u00e3o da unidade. O sindicato ressaltou ainda que a superintendente n\u00e3o conseguiu responder os principais questionamentos dos trabalhadores, sobretudo, em rela\u00e7\u00e3o \u00e0s garantias de direitos e v\u00ednculo empregat\u00edcio.<br \/>\nPara os trabalhadores e os sindicatos, a comiss\u00e3o da Sesab n\u00e3o tinha subs\u00eddios suficientes para dar garantias aos servidores, j\u00e1 que a lei 8647\/2003 e o decreto 8890\/2004, que estabelecem as regras de implanta\u00e7\u00e3o de gest\u00e3o por Organiza\u00e7\u00e3o Social, n\u00e3o correspondem ao que a secretaria vem afirmando.<br \/>\nOs trabalhadores do HGCA e os sindicatos permanecem mobilizados com um cronograma de atividades. Entre as a\u00e7\u00f5es previstas est\u00e1 a realiza\u00e7\u00e3o de uma audi\u00eancia p\u00fablica na C\u00e2mara de Vereadores e den\u00fancia ao Minist\u00e9rio P\u00fablico do Estado. As medidas jur\u00eddicas tamb\u00e9m ser\u00e3o estendidas contra a privatiza\u00e7\u00e3o do Hospital Manoel Victorino. Tamb\u00e9m foi solicitada uma reuni\u00e3o com a presen\u00e7a do secret\u00e1rio da Sa\u00fade, Jorge Solla.<br \/>\nVeja Galeria:<br \/>\n<code>[print_gllr id=704]<\/code><br \/>\nRepercuss\u00e3o:<br \/>\nhttp:\/\/www.acordacidade.com.br\/noticias\/103037\/servidores-sao-contra-a-terceirizacao-do-cleriston-andrade-.html<\/p>\n","protected":false},"excerpt":{"rendered":"<p>Servidores do Hospital Geral Cl\u00e9riston Andrade, em Feira de Santana, protestaram contra a terceiriza\u00e7\u00e3o da unidade na manh\u00e3 da \u00faltima sexta-feira (15). A manifesta\u00e7\u00e3o aconteceu com a participa\u00e7\u00e3o do Sindsa\u00fade-Ba e Sindimed. Os sindicatos pretendem mover a\u00e7\u00f5es jur\u00eddicas contra a mudan\u00e7a de gest\u00e3o do (HGCA)&#8230;.<\/p>\n","protected":false},"author":2,"featured_media":696,"comment_status":"open","ping_status":"open","sticky":false,"template":"","format":"standard","meta":[],"categories":[11],"tags":[],"amp_validity":null,"amp_enabled":true,"_links":{"self":[{"href":"https:\/\/sindsaudeba.org.br\/portal\/wp-json\/wp\/v2\/posts\/695"}],"collection":[{"href":"https:\/\/sindsaudeba.org.br\/portal\/wp-json\/wp\/v2\/posts"}],"about":[{"href":"https:\/\/sindsaudeba.org.br\/portal\/wp-json\/wp\/v2\/types\/post"}],"author":[{"embeddable":true,"href":"https:\/\/sindsaudeba.org.br\/portal\/wp-json\/wp\/v2\/users\/2"}],"replies":[{"embeddable":true,"href":"https:\/\/sindsaudeba.org.br\/portal\/wp-json\/wp\/v2\/comments?post=695"}],"version-history":[{"count":1,"href":"https:\/\/sindsaudeba.org.br\/portal\/wp-json\/wp\/v2\/posts\/695\/revisions"}],"predecessor-version":[{"id":14595,"href":"https:\/\/sindsaudeba.org.br\/portal\/wp-json\/wp\/v2\/posts\/695\/revisions\/14595"}],"wp:featuredmedia":[{"embeddable":true,"href":"https:\/\/sindsaudeba.org.br\/portal\/wp-json\/wp\/v2\/media\/696"}],"wp:attachment":[{"href":"https:\/\/sindsaudeba.org.br\/portal\/wp-json\/wp\/v2\/media?parent=695"}],"wp:term":[{"taxonomy":"category","embeddable":true,"href":"https:\/\/sindsaudeba.org.br\/portal\/wp-json\/wp\/v2\/categories?post=695"},{"taxonomy":"post_tag","embeddable":true,"href":"https:\/\/sindsaudeba.org.br\/portal\/wp-json\/wp\/v2\/tags?post=695"}],"curies":[{"name":"wp","href":"https:\/\/api.w.org\/{rel}","templated":true}]}}