{"id":690,"date":"2013-02-14T12:26:05","date_gmt":"2013-02-14T15:26:05","guid":{"rendered":"http:\/\/www.sindsaudeba.org.br\/novo\/?p=690"},"modified":"2019-12-13T18:00:31","modified_gmt":"2019-12-13T21:00:31","slug":"servidores-e-sindicatos-protestam-contra-privatizacao-do-hospital-cleriston-andrade","status":"publish","type":"post","link":"https:\/\/sindsaudeba.org.br\/portal\/blog\/servidores-e-sindicatos-protestam-contra-privatizacao-do-hospital-cleriston-andrade\/","title":{"rendered":"Servidores e sindicatos protestam contra privatiza\u00e7\u00e3o  do Hospital Cl\u00e9riston Andrade"},"content":{"rendered":"<p><a href=\"http:\/\/www.sindsaudeba.org.br\/novo\/wp-content\/uploads\/2013\/02\/HGCA1.jpg\"><img loading=\"lazy\" class=\"alignleft size-medium wp-image-692\" title=\"HGCA\" src=\"http:\/\/www.sindsaudeba.org.br\/novo\/wp-content\/uploads\/2013\/02\/HGCA1-300x207.jpg\" alt=\"\" width=\"300\" height=\"207\" \/><\/a>Contr\u00e1rios \u00e0 Resolu\u00e7\u00e3o n\u00ba 001\/13, publicada no Di\u00e1rio Oficial do Estado no dia 30 de janeiro, que aprova a terceiriza\u00e7\u00e3o do Hospital Geral Cl\u00e9riston Andrade (HGCA), em Feira de Santana, os servidores da unidade, o Sindisa\u00fade-Ba e o Sindimed, realizam manifesta\u00e7\u00e3o contra a privatiza\u00e7\u00e3o do hospital, nesta sexta-feira(15), \u00e0s 8h30. Ap\u00f3s o protesto, os sindicatos ir\u00e3o se reunir com os trabalhadores para elaborar uma agenda de mobiliza\u00e7\u00e3o e resist\u00eancia contra a medida do governo do estado.<br \/>\nO HGCA possui um total de 1.882 funcion\u00e1rios, sendo 1.275 deles do quadro da Sesab e outros 607 terceirizados. O hospital \u00e9 uma das dez unidades de sa\u00fade do interior da Bahia cuja gest\u00e3o \u00e9 direta, ou seja, \u00e9 administrada pela Secretaria da Sa\u00fade do Estado (Sesab). \u00a0O governo visa implantar no HGCA a gest\u00e3o indireta atrav\u00e9s de Organiza\u00e7\u00f5es Sociais (OS).<br \/>\nPara os sindicatos, mais uma vez n\u00e3o houve, por parte do governo, um processo de interlocu\u00e7\u00e3o com os servidores e a sociedade para esclarecer e dar garantia dos direitos trabalhistas e da qualidade de atendimento da popula\u00e7\u00e3o. O Sindsa\u00fade-Ba e o Sindimed v\u00eam acompanhando as privatiza\u00e7\u00f5es da sa\u00fade p\u00fablica e denunciando a situa\u00e7\u00e3o aos \u00f3rg\u00e3os de controle de gest\u00e3o p\u00fablica como o Minist\u00e9rio P\u00fablico do Estado e os conselhos municipal, estadual e nacional da Sa\u00fade.<\/p>\n","protected":false},"excerpt":{"rendered":"<p>Contr\u00e1rios \u00e0 Resolu\u00e7\u00e3o n\u00ba 001\/13, publicada no Di\u00e1rio Oficial do Estado no dia 30 de janeiro, que aprova a terceiriza\u00e7\u00e3o do Hospital Geral Cl\u00e9riston Andrade (HGCA), em Feira de Santana, os servidores da unidade, o Sindisa\u00fade-Ba e o Sindimed, realizam manifesta\u00e7\u00e3o contra a privatiza\u00e7\u00e3o do&#8230;<\/p>\n","protected":false},"author":2,"featured_media":691,"comment_status":"open","ping_status":"open","sticky":false,"template":"","format":"standard","meta":[],"categories":[11],"tags":[],"amp_validity":null,"amp_enabled":true,"_links":{"self":[{"href":"https:\/\/sindsaudeba.org.br\/portal\/wp-json\/wp\/v2\/posts\/690"}],"collection":[{"href":"https:\/\/sindsaudeba.org.br\/portal\/wp-json\/wp\/v2\/posts"}],"about":[{"href":"https:\/\/sindsaudeba.org.br\/portal\/wp-json\/wp\/v2\/types\/post"}],"author":[{"embeddable":true,"href":"https:\/\/sindsaudeba.org.br\/portal\/wp-json\/wp\/v2\/users\/2"}],"replies":[{"embeddable":true,"href":"https:\/\/sindsaudeba.org.br\/portal\/wp-json\/wp\/v2\/comments?post=690"}],"version-history":[{"count":1,"href":"https:\/\/sindsaudeba.org.br\/portal\/wp-json\/wp\/v2\/posts\/690\/revisions"}],"predecessor-version":[{"id":14596,"href":"https:\/\/sindsaudeba.org.br\/portal\/wp-json\/wp\/v2\/posts\/690\/revisions\/14596"}],"wp:featuredmedia":[{"embeddable":true,"href":"https:\/\/sindsaudeba.org.br\/portal\/wp-json\/wp\/v2\/media\/691"}],"wp:attachment":[{"href":"https:\/\/sindsaudeba.org.br\/portal\/wp-json\/wp\/v2\/media?parent=690"}],"wp:term":[{"taxonomy":"category","embeddable":true,"href":"https:\/\/sindsaudeba.org.br\/portal\/wp-json\/wp\/v2\/categories?post=690"},{"taxonomy":"post_tag","embeddable":true,"href":"https:\/\/sindsaudeba.org.br\/portal\/wp-json\/wp\/v2\/tags?post=690"}],"curies":[{"name":"wp","href":"https:\/\/api.w.org\/{rel}","templated":true}]}}