{"id":683,"date":"2013-02-06T10:57:50","date_gmt":"2013-02-06T13:57:50","guid":{"rendered":"http:\/\/www.sindsaudeba.org.br\/novo\/?p=683"},"modified":"2019-12-13T18:00:32","modified_gmt":"2019-12-13T21:00:32","slug":"sindsefaz-sindimed-sindsaude-e-aplb-protestam-juntos-na-mudanca-do-garcia","status":"publish","type":"post","link":"https:\/\/sindsaudeba.org.br\/portal\/blog\/sindsefaz-sindimed-sindsaude-e-aplb-protestam-juntos-na-mudanca-do-garcia\/","title":{"rendered":"Sindsefaz, Sindimed, Sindsa\u00fade e APLB protestam juntos na Mudan\u00e7a do Garcia"},"content":{"rendered":"<p align=\"center\"><strong><a href=\"http:\/\/www.sindsaudeba.org.br\/novo\/wp-content\/uploads\/2013\/02\/mudan\u00e7a-garcia1.jpg\"><img loading=\"lazy\" class=\"alignleft size-medium wp-image-686\" title=\"mudan\u00e7a garcia\" src=\"http:\/\/www.sindsaudeba.org.br\/novo\/wp-content\/uploads\/2013\/02\/mudan\u00e7a-garcia1-300x297.jpg\" alt=\"\" width=\"300\" height=\"297\" \/><\/a>Essa uni\u00e3o vai tremer o ch\u00e3o da pra\u00e7a<\/strong><\/p>\n<p>Na segunda-feira do Carnaval (11\/02), o tradicional palco do criticismo irreverente, a Mudan\u00e7a do Garcia, vai ganhar um componente especial: a a\u00e7\u00e3o conjunta do Sindsefaz, Sindimed, Sindsa\u00fade e APLB que desfilar\u00e3o suas posi\u00e7\u00f5es, seus protestos em favor de um Estado de qualidade e do povo baiano que mais precisa.<br \/>\nSer\u00e1 a vez do servidor p\u00fablico protestar, dar o recado, com cartazes e m\u00fasicas que tornam \u00fanicas as apresenta\u00e7\u00f5es dessa que \u00e9 uma das mais tradicionais manifesta\u00e7\u00f5es da cultura momesca soteropolitana.<br \/>\nA a\u00e7\u00e3o dos sindicatos prev\u00ea a distribui\u00e7\u00e3o de mil camisas aos associados das entidades e contar\u00e1 com o apoio da CTB \u2013 Central de Trabalhadores e Trabalhadoras do Brasil.<br \/>\nO Sindsa\u00fade levar\u00e1 para a folia momesca as principais bandeiras de luta dos servidores da sa\u00fade como a defesa do SUS, a valoriza\u00e7\u00e3o dos trabalhadores, a realiza\u00e7\u00e3o de concurso p\u00fablico, o pagamento da URV, a amplia\u00e7\u00e3o do PSF de Salvador, al\u00e9m do rep\u00fadio \u00e0s privatiza\u00e7\u00f5es da sa\u00fade p\u00fablica.<br \/>\n&nbsp;<\/p>\n","protected":false},"excerpt":{"rendered":"<p>Essa uni\u00e3o vai tremer o ch\u00e3o da pra\u00e7a Na segunda-feira do Carnaval (11\/02), o tradicional palco do criticismo irreverente, a Mudan\u00e7a do Garcia, vai ganhar um componente especial: a a\u00e7\u00e3o conjunta do Sindsefaz, Sindimed, Sindsa\u00fade e APLB que desfilar\u00e3o suas posi\u00e7\u00f5es, seus protestos em favor&#8230;<\/p>\n","protected":false},"author":2,"featured_media":685,"comment_status":"open","ping_status":"open","sticky":false,"template":"","format":"standard","meta":[],"categories":[11],"tags":[],"amp_validity":null,"amp_enabled":true,"_links":{"self":[{"href":"https:\/\/sindsaudeba.org.br\/portal\/wp-json\/wp\/v2\/posts\/683"}],"collection":[{"href":"https:\/\/sindsaudeba.org.br\/portal\/wp-json\/wp\/v2\/posts"}],"about":[{"href":"https:\/\/sindsaudeba.org.br\/portal\/wp-json\/wp\/v2\/types\/post"}],"author":[{"embeddable":true,"href":"https:\/\/sindsaudeba.org.br\/portal\/wp-json\/wp\/v2\/users\/2"}],"replies":[{"embeddable":true,"href":"https:\/\/sindsaudeba.org.br\/portal\/wp-json\/wp\/v2\/comments?post=683"}],"version-history":[{"count":1,"href":"https:\/\/sindsaudeba.org.br\/portal\/wp-json\/wp\/v2\/posts\/683\/revisions"}],"predecessor-version":[{"id":14597,"href":"https:\/\/sindsaudeba.org.br\/portal\/wp-json\/wp\/v2\/posts\/683\/revisions\/14597"}],"wp:featuredmedia":[{"embeddable":true,"href":"https:\/\/sindsaudeba.org.br\/portal\/wp-json\/wp\/v2\/media\/685"}],"wp:attachment":[{"href":"https:\/\/sindsaudeba.org.br\/portal\/wp-json\/wp\/v2\/media?parent=683"}],"wp:term":[{"taxonomy":"category","embeddable":true,"href":"https:\/\/sindsaudeba.org.br\/portal\/wp-json\/wp\/v2\/categories?post=683"},{"taxonomy":"post_tag","embeddable":true,"href":"https:\/\/sindsaudeba.org.br\/portal\/wp-json\/wp\/v2\/tags?post=683"}],"curies":[{"name":"wp","href":"https:\/\/api.w.org\/{rel}","templated":true}]}}