{"id":669,"date":"2013-02-04T13:32:12","date_gmt":"2013-02-04T16:32:12","guid":{"rendered":"http:\/\/www.sindsaudeba.org.br\/novo\/?p=669"},"modified":"2019-12-13T18:00:32","modified_gmt":"2019-12-13T21:00:32","slug":"nao-a-privatizacao-dos-hospitais-cleriston-andrade-e-manoel-victorino","status":"publish","type":"post","link":"https:\/\/sindsaudeba.org.br\/portal\/blog\/nao-a-privatizacao-dos-hospitais-cleriston-andrade-e-manoel-victorino\/","title":{"rendered":"N\u00e3o \u00e0 privatiza\u00e7\u00e3o dos hospitais Cl\u00e9riston Andrade e Manoel Victorino!"},"content":{"rendered":"<p><a href=\"http:\/\/www.sindsaudeba.org.br\/novo\/wp-content\/uploads\/2013\/02\/manoel_vitorino.jpg\"><img loading=\"lazy\" class=\"alignleft size-thumbnail wp-image-671\" title=\"manoel_vitorino\" src=\"http:\/\/www.sindsaudeba.org.br\/novo\/wp-content\/uploads\/2013\/02\/manoel_vitorino-150x150.jpg\" alt=\"\" width=\"150\" height=\"150\" \/><\/a>O governo do Estado da Bahia, atrav\u00e9s da Secretaria da Sa\u00fade (Sesab), continua avan\u00e7ando com o processo de privatiza\u00e7\u00e3o da sa\u00fade p\u00fablica. Os alvos dessa vez s\u00e3o os hospitais Cl\u00e9riston Andrade, em Feira de Santana, e Manoel Victorino, em Salvador. A medida foi publicada no Di\u00e1rio Oficial do Estado, no \u00faltimo dia 30 de janeiro.<br \/>\nPara o sindicato, causa estranheza o fato do secretario da Sa\u00fade Jorge Solla, realizar visitas surpresas aos hospitais, acusando os funcion\u00e1rios de \u201cfaltosos\u201d, e, em poucos dias, anunciar a privatiza\u00e7\u00e3o das unidades. \u00a0O Sindsa\u00fade-Ba espera que os \u00f3rg\u00e3os de controle da gest\u00e3o p\u00fablica se posicionem diante das denuncias j\u00e1 apresentadas pelo sindicato.<\/p>\n","protected":false},"excerpt":{"rendered":"<p>O governo do Estado da Bahia, atrav\u00e9s da Secretaria da Sa\u00fade (Sesab), continua avan\u00e7ando com o processo de privatiza\u00e7\u00e3o da sa\u00fade p\u00fablica. Os alvos dessa vez s\u00e3o os hospitais Cl\u00e9riston Andrade, em Feira de Santana, e Manoel Victorino, em Salvador. A medida foi publicada no&#8230;<\/p>\n","protected":false},"author":2,"featured_media":670,"comment_status":"open","ping_status":"open","sticky":false,"template":"","format":"standard","meta":[],"categories":[7],"tags":[],"amp_validity":null,"amp_enabled":true,"_links":{"self":[{"href":"https:\/\/sindsaudeba.org.br\/portal\/wp-json\/wp\/v2\/posts\/669"}],"collection":[{"href":"https:\/\/sindsaudeba.org.br\/portal\/wp-json\/wp\/v2\/posts"}],"about":[{"href":"https:\/\/sindsaudeba.org.br\/portal\/wp-json\/wp\/v2\/types\/post"}],"author":[{"embeddable":true,"href":"https:\/\/sindsaudeba.org.br\/portal\/wp-json\/wp\/v2\/users\/2"}],"replies":[{"embeddable":true,"href":"https:\/\/sindsaudeba.org.br\/portal\/wp-json\/wp\/v2\/comments?post=669"}],"version-history":[{"count":1,"href":"https:\/\/sindsaudeba.org.br\/portal\/wp-json\/wp\/v2\/posts\/669\/revisions"}],"predecessor-version":[{"id":14599,"href":"https:\/\/sindsaudeba.org.br\/portal\/wp-json\/wp\/v2\/posts\/669\/revisions\/14599"}],"wp:featuredmedia":[{"embeddable":true,"href":"https:\/\/sindsaudeba.org.br\/portal\/wp-json\/wp\/v2\/media\/670"}],"wp:attachment":[{"href":"https:\/\/sindsaudeba.org.br\/portal\/wp-json\/wp\/v2\/media?parent=669"}],"wp:term":[{"taxonomy":"category","embeddable":true,"href":"https:\/\/sindsaudeba.org.br\/portal\/wp-json\/wp\/v2\/categories?post=669"},{"taxonomy":"post_tag","embeddable":true,"href":"https:\/\/sindsaudeba.org.br\/portal\/wp-json\/wp\/v2\/tags?post=669"}],"curies":[{"name":"wp","href":"https:\/\/api.w.org\/{rel}","templated":true}]}}