{"id":5035,"date":"2015-05-18T12:03:54","date_gmt":"2015-05-18T15:03:54","guid":{"rendered":"http:\/\/www.sindsaudeba.org.br\/novo\/?p=5035"},"modified":"2019-12-13T17:52:30","modified_gmt":"2019-12-13T20:52:30","slug":"15a-conferencia-nacional-de-saude-mental-sera-discutida-em-sessao-especial-da-camara-de-salvador","status":"publish","type":"post","link":"https:\/\/sindsaudeba.org.br\/portal\/blog\/15a-conferencia-nacional-de-saude-mental-sera-discutida-em-sessao-especial-da-camara-de-salvador\/","title":{"rendered":"15\u00aa Confer\u00eancia Nacional de Sa\u00fade Mental ser\u00e1 discutida em sess\u00e3o especial da C\u00e2mara de Salvador"},"content":{"rendered":"<p><a href=\"http:\/\/www.sindsaudeba.org.br\/novo\/wp-content\/uploads\/2015\/05\/unnamed1.png\"><img loading=\"lazy\" class=\"aligncenter size-medium wp-image-5037\" title=\"unnamed\" src=\"http:\/\/www.sindsaudeba.org.br\/novo\/wp-content\/uploads\/2015\/05\/unnamed1-212x300.png\" alt=\"\" width=\"212\" height=\"300\" \/><\/a><\/p>\n<p dir=\"ltr\">Direito e compromisso de todos &#8211; Rumo \u00e0 15\u00ba Confer\u00eancia Nacional de Sa\u00fade Mental, ser\u00e1 o tema da tradicional sess\u00e3o especial em comemora\u00e7\u00e3o ao Dia Nacional da Luta Antimanicomial, promovida pela vereadora Aladilce Souza (PCdoB) dia 22 de maio, \u00e0s 9h, no Plen\u00e1rio da C\u00e2mara Municipal de Salvador.<\/p>\n<p dir=\"ltr\">A IV Confer\u00eancia Nacional de Sa\u00fade Mental ser\u00e1 realizada entre os dias 27 de junho a 1\u00ba de julho, em Bras\u00edlia, o objetivo do evento \u00e9 a promo\u00e7\u00e3o do debate da sa\u00fade mental com os diversos setores da sociedade atual no cen\u00e1rio da reforma psqui\u00e1trica e que poder\u00e1 indicar os novos desafios para a melhoria do cuidado em sa\u00fade mental.<\/p>\n<p dir=\"ltr\">\u201cN\u00f3s precisamos discutir e levar para essa confer\u00eancia na capital federal as quest\u00f5es da sa\u00fade mental em Salvador, para que seja firmado o compromisso de planejar, implantar e deliberar as pol\u00edticas de Sa\u00fade Mental para os anos seguintes aqui, por isso a import\u00e2ncia de aprofundarmos nesse tema\u201d, explicou Aladilce.<\/p>\n<p dir=\"ltr\">Foram convidados para a sess\u00e3o o secretario de sa\u00fade do estado, F\u00e1bio Vilas-Boas, o secretario de sa\u00fade do munic\u00edpio, Jos\u00e9 Ant\u00f4nio Rodrigues, o promotor, Dr. Jos\u00e9 Lu\u00eds da Fonseca, o secret\u00e1rio da Setre, Jos\u00e9 \u00c1lvaro Fonseca, o representante da Susprev, coronel Peterson Portinho, a Amea &#8211; Associa\u00e7\u00e3o Metamorfose Ambulante, o Centro P\u00fablico de Economia Solid\u00e1ria, o Mobiliza Raps e o Papo de Mulher.<\/p>\n","protected":false},"excerpt":{"rendered":"<p>Direito e compromisso de todos &#8211; Rumo \u00e0 15\u00ba Confer\u00eancia Nacional de Sa\u00fade Mental, ser\u00e1 o tema da tradicional sess\u00e3o especial em comemora\u00e7\u00e3o ao Dia Nacional da Luta Antimanicomial, promovida pela vereadora Aladilce Souza (PCdoB) dia 22 de maio, \u00e0s 9h, no Plen\u00e1rio da C\u00e2mara&#8230;<\/p>\n","protected":false},"author":2,"featured_media":5036,"comment_status":"open","ping_status":"open","sticky":false,"template":"","format":"standard","meta":[],"categories":[9],"tags":[],"amp_validity":null,"amp_enabled":true,"_links":{"self":[{"href":"https:\/\/sindsaudeba.org.br\/portal\/wp-json\/wp\/v2\/posts\/5035"}],"collection":[{"href":"https:\/\/sindsaudeba.org.br\/portal\/wp-json\/wp\/v2\/posts"}],"about":[{"href":"https:\/\/sindsaudeba.org.br\/portal\/wp-json\/wp\/v2\/types\/post"}],"author":[{"embeddable":true,"href":"https:\/\/sindsaudeba.org.br\/portal\/wp-json\/wp\/v2\/users\/2"}],"replies":[{"embeddable":true,"href":"https:\/\/sindsaudeba.org.br\/portal\/wp-json\/wp\/v2\/comments?post=5035"}],"version-history":[{"count":1,"href":"https:\/\/sindsaudeba.org.br\/portal\/wp-json\/wp\/v2\/posts\/5035\/revisions"}],"predecessor-version":[{"id":14065,"href":"https:\/\/sindsaudeba.org.br\/portal\/wp-json\/wp\/v2\/posts\/5035\/revisions\/14065"}],"wp:featuredmedia":[{"embeddable":true,"href":"https:\/\/sindsaudeba.org.br\/portal\/wp-json\/wp\/v2\/media\/5036"}],"wp:attachment":[{"href":"https:\/\/sindsaudeba.org.br\/portal\/wp-json\/wp\/v2\/media?parent=5035"}],"wp:term":[{"taxonomy":"category","embeddable":true,"href":"https:\/\/sindsaudeba.org.br\/portal\/wp-json\/wp\/v2\/categories?post=5035"},{"taxonomy":"post_tag","embeddable":true,"href":"https:\/\/sindsaudeba.org.br\/portal\/wp-json\/wp\/v2\/tags?post=5035"}],"curies":[{"name":"wp","href":"https:\/\/api.w.org\/{rel}","templated":true}]}}