{"id":5027,"date":"2015-05-18T11:05:39","date_gmt":"2015-05-18T14:05:39","guid":{"rendered":"http:\/\/www.sindsaudeba.org.br\/novo\/?post_type=gallery&#038;p=5027"},"modified":"2020-03-13T01:05:43","modified_gmt":"2020-03-13T04:05:43","slug":"manifestacao-na-al-ba-durante-votacao-do-reajuste-dias-5-e-6-de-maio-fotos-carlos-americo","status":"publish","type":"post","link":"https:\/\/sindsaudeba.org.br\/portal\/blog\/manifestacao-na-al-ba-durante-votacao-do-reajuste-dias-5-e-6-de-maio-fotos-carlos-americo\/","title":{"rendered":"Manifesta\u00e7\u00e3o na AL-BA durante vota\u00e7\u00e3o do reajuste, dias 5 e 6 de maio &#8211; Fotos Carlos Am\u00e9rico"},"content":{"rendered":"","protected":false},"excerpt":{"rendered":"","protected":false},"author":2,"featured_media":5028,"comment_status":"closed","ping_status":"closed","sticky":false,"template":"","format":"standard","meta":[],"categories":[],"tags":[],"amp_validity":null,"amp_enabled":true,"_links":{"self":[{"href":"https:\/\/sindsaudeba.org.br\/portal\/wp-json\/wp\/v2\/posts\/5027"}],"collection":[{"href":"https:\/\/sindsaudeba.org.br\/portal\/wp-json\/wp\/v2\/posts"}],"about":[{"href":"https:\/\/sindsaudeba.org.br\/portal\/wp-json\/wp\/v2\/types\/post"}],"author":[{"embeddable":true,"href":"https:\/\/sindsaudeba.org.br\/portal\/wp-json\/wp\/v2\/users\/2"}],"replies":[{"embeddable":true,"href":"https:\/\/sindsaudeba.org.br\/portal\/wp-json\/wp\/v2\/comments?post=5027"}],"version-history":[{"count":1,"href":"https:\/\/sindsaudeba.org.br\/portal\/wp-json\/wp\/v2\/posts\/5027\/revisions"}],"predecessor-version":[{"id":15155,"href":"https:\/\/sindsaudeba.org.br\/portal\/wp-json\/wp\/v2\/posts\/5027\/revisions\/15155"}],"wp:featuredmedia":[{"embeddable":true,"href":"https:\/\/sindsaudeba.org.br\/portal\/wp-json\/wp\/v2\/media\/5028"}],"wp:attachment":[{"href":"https:\/\/sindsaudeba.org.br\/portal\/wp-json\/wp\/v2\/media?parent=5027"}],"wp:term":[{"taxonomy":"category","embeddable":true,"href":"https:\/\/sindsaudeba.org.br\/portal\/wp-json\/wp\/v2\/categories?post=5027"},{"taxonomy":"post_tag","embeddable":true,"href":"https:\/\/sindsaudeba.org.br\/portal\/wp-json\/wp\/v2\/tags?post=5027"}],"curies":[{"name":"wp","href":"https:\/\/api.w.org\/{rel}","templated":true}]}}