{"id":5003,"date":"2015-05-12T11:09:04","date_gmt":"2015-05-12T14:09:04","guid":{"rendered":"http:\/\/www.sindsaudeba.org.br\/novo\/?p=5003"},"modified":"2019-12-13T17:52:30","modified_gmt":"2019-12-13T20:52:30","slug":"parabens-enfermeiros-pelo-seu-dia","status":"publish","type":"post","link":"https:\/\/sindsaudeba.org.br\/portal\/blog\/parabens-enfermeiros-pelo-seu-dia\/","title":{"rendered":"PARAB\u00c9NS ENFERMEIROS PELO SEU DIA"},"content":{"rendered":"<p align=\"center\"><strong>Neste 12 de maio, o Sindsa\u00fade parabeniza todos os enfermeiros, t\u00e9cnicos e auxiliares de enfermaem, categoria fundamental em qualquer equipe de sa\u00fade, em todos os cuidados com os pacientes, seja na preven\u00e7\u00e3o, tratamento ou reabilita\u00e7\u00e3o.<\/strong><\/p>\n<p align=\"center\"><strong>Sabemos que o momento n\u00e3o \u00e9 s\u00f3 de comemora\u00e7\u00e3o, mas tamb\u00e9m de muita luta: pela jornada de 30 horas, pela valoriza\u00e7\u00e3o profissional, contra os<\/strong><\/p>\n<p align=\"center\"><strong>subsal\u00e1rios e a precariza\u00e7\u00e3o dos v\u00ednculos trabalhistas&#8230;<\/strong><\/p>\n<p align=\"center\"><strong>E o Sindsa\u00fade se coloca sempre ao lado dos enfermeiros, que representam mais da metade da for\u00e7a de trabalho da Sa\u00fade, nessa jornada por mais conquistas coletivas.<\/strong><\/p>\n<p align=\"center\">\n<p align=\"center\"><strong> <a href=\"http:\/\/www.sindsaudeba.org.br\/novo\/wp-content\/uploads\/2015\/05\/enfermeiro1.jpg\"><img loading=\"lazy\" class=\"aligncenter size-medium wp-image-5005\" title=\"enfermeiro\" src=\"http:\/\/www.sindsaudeba.org.br\/novo\/wp-content\/uploads\/2015\/05\/enfermeiro1-300x273.jpg\" alt=\"\" width=\"300\" height=\"273\" \/><\/a><\/strong><\/p>\n<p align=\"center\">\n<p align=\"center\"><span style=\"color: #ff0000\"><strong>VIVA OS ENFERMEIROS E ENFERMEIRAS!<\/strong><\/span><\/p>\n","protected":false},"excerpt":{"rendered":"<p>Neste 12 de maio, o Sindsa\u00fade parabeniza todos os enfermeiros, t\u00e9cnicos e auxiliares de enfermaem, categoria fundamental em qualquer equipe de sa\u00fade, em todos os cuidados com os pacientes, seja na preven\u00e7\u00e3o, tratamento ou reabilita\u00e7\u00e3o. Sabemos que o momento n\u00e3o \u00e9 s\u00f3 de comemora\u00e7\u00e3o, mas&#8230;<\/p>\n","protected":false},"author":2,"featured_media":5004,"comment_status":"open","ping_status":"open","sticky":false,"template":"","format":"standard","meta":[],"categories":[11],"tags":[],"amp_validity":null,"amp_enabled":true,"_links":{"self":[{"href":"https:\/\/sindsaudeba.org.br\/portal\/wp-json\/wp\/v2\/posts\/5003"}],"collection":[{"href":"https:\/\/sindsaudeba.org.br\/portal\/wp-json\/wp\/v2\/posts"}],"about":[{"href":"https:\/\/sindsaudeba.org.br\/portal\/wp-json\/wp\/v2\/types\/post"}],"author":[{"embeddable":true,"href":"https:\/\/sindsaudeba.org.br\/portal\/wp-json\/wp\/v2\/users\/2"}],"replies":[{"embeddable":true,"href":"https:\/\/sindsaudeba.org.br\/portal\/wp-json\/wp\/v2\/comments?post=5003"}],"version-history":[{"count":1,"href":"https:\/\/sindsaudeba.org.br\/portal\/wp-json\/wp\/v2\/posts\/5003\/revisions"}],"predecessor-version":[{"id":14068,"href":"https:\/\/sindsaudeba.org.br\/portal\/wp-json\/wp\/v2\/posts\/5003\/revisions\/14068"}],"wp:featuredmedia":[{"embeddable":true,"href":"https:\/\/sindsaudeba.org.br\/portal\/wp-json\/wp\/v2\/media\/5004"}],"wp:attachment":[{"href":"https:\/\/sindsaudeba.org.br\/portal\/wp-json\/wp\/v2\/media?parent=5003"}],"wp:term":[{"taxonomy":"category","embeddable":true,"href":"https:\/\/sindsaudeba.org.br\/portal\/wp-json\/wp\/v2\/categories?post=5003"},{"taxonomy":"post_tag","embeddable":true,"href":"https:\/\/sindsaudeba.org.br\/portal\/wp-json\/wp\/v2\/tags?post=5003"}],"curies":[{"name":"wp","href":"https:\/\/api.w.org\/{rel}","templated":true}]}}