{"id":4997,"date":"2015-05-12T10:54:52","date_gmt":"2015-05-12T13:54:52","guid":{"rendered":"http:\/\/www.sindsaudeba.org.br\/novo\/?p=4997"},"modified":"2019-12-13T17:52:30","modified_gmt":"2019-12-13T20:52:30","slug":"desconto-em-curso-pelo-mes-do-profissional-de-enfermagem","status":"publish","type":"post","link":"https:\/\/sindsaudeba.org.br\/portal\/blog\/desconto-em-curso-pelo-mes-do-profissional-de-enfermagem\/","title":{"rendered":"Desconto em curso pelo M\u00eas do Profissional de Enfermagem"},"content":{"rendered":"<p>&nbsp;<br \/>\nPrezado conveniado,<br \/>\nBom dia!<br \/>\n&nbsp;<br \/>\nA AVM Faculdade Integrada atrav\u00e9s do maior portal de p\u00f3s-gradua\u00e7\u00e3o a dist\u00e2ncia do pa\u00eds, a wP\u00f3s, parabeniza os profissionais da \u00e1rea de Enfermagem.<br \/>\nEm comemora\u00e7\u00e3o, os cursos oferecidos no wP\u00f3s, est\u00e3o com 15% de desconto, v\u00e1lidos para matr\u00edculas efetuadas at\u00e9 o dia 20\/05\/2015.<br \/>\nInsira o c\u00f3digo promocional\u00a0<strong>ENFER2015<\/strong>\u00a0e garanta o seu<br \/>\ndesconto.http:\/\/editorapreparatoria.com.br\/email-mkt\/wpos\/2015\/mes-enfermagem\/<br \/>\n&nbsp;<br \/>\n&nbsp;<br \/>\n<a href=\"http:\/\/www.sindsaudeba.org.br\/novo\/wp-content\/uploads\/2015\/05\/unnamed-92.jpg\"><img loading=\"lazy\" class=\"aligncenter size-medium wp-image-4999\" title=\"unnamed (9)\" src=\"http:\/\/www.sindsaudeba.org.br\/novo\/wp-content\/uploads\/2015\/05\/unnamed-92-261x300.jpg\" alt=\"\" width=\"261\" height=\"300\" \/><\/a><\/p>\n","protected":false},"excerpt":{"rendered":"<p>&nbsp; Prezado conveniado, Bom dia! &nbsp; A AVM Faculdade Integrada atrav\u00e9s do maior portal de p\u00f3s-gradua\u00e7\u00e3o a dist\u00e2ncia do pa\u00eds, a wP\u00f3s, parabeniza os profissionais da \u00e1rea de Enfermagem. Em comemora\u00e7\u00e3o, os cursos oferecidos no wP\u00f3s, est\u00e3o com 15% de desconto, v\u00e1lidos para matr\u00edculas efetuadas&#8230;<\/p>\n","protected":false},"author":2,"featured_media":4998,"comment_status":"open","ping_status":"open","sticky":false,"template":"","format":"standard","meta":[],"categories":[9],"tags":[],"amp_validity":null,"amp_enabled":true,"_links":{"self":[{"href":"https:\/\/sindsaudeba.org.br\/portal\/wp-json\/wp\/v2\/posts\/4997"}],"collection":[{"href":"https:\/\/sindsaudeba.org.br\/portal\/wp-json\/wp\/v2\/posts"}],"about":[{"href":"https:\/\/sindsaudeba.org.br\/portal\/wp-json\/wp\/v2\/types\/post"}],"author":[{"embeddable":true,"href":"https:\/\/sindsaudeba.org.br\/portal\/wp-json\/wp\/v2\/users\/2"}],"replies":[{"embeddable":true,"href":"https:\/\/sindsaudeba.org.br\/portal\/wp-json\/wp\/v2\/comments?post=4997"}],"version-history":[{"count":1,"href":"https:\/\/sindsaudeba.org.br\/portal\/wp-json\/wp\/v2\/posts\/4997\/revisions"}],"predecessor-version":[{"id":14069,"href":"https:\/\/sindsaudeba.org.br\/portal\/wp-json\/wp\/v2\/posts\/4997\/revisions\/14069"}],"wp:featuredmedia":[{"embeddable":true,"href":"https:\/\/sindsaudeba.org.br\/portal\/wp-json\/wp\/v2\/media\/4998"}],"wp:attachment":[{"href":"https:\/\/sindsaudeba.org.br\/portal\/wp-json\/wp\/v2\/media?parent=4997"}],"wp:term":[{"taxonomy":"category","embeddable":true,"href":"https:\/\/sindsaudeba.org.br\/portal\/wp-json\/wp\/v2\/categories?post=4997"},{"taxonomy":"post_tag","embeddable":true,"href":"https:\/\/sindsaudeba.org.br\/portal\/wp-json\/wp\/v2\/tags?post=4997"}],"curies":[{"name":"wp","href":"https:\/\/api.w.org\/{rel}","templated":true}]}}