{"id":4990,"date":"2015-05-08T17:35:17","date_gmt":"2015-05-08T20:35:17","guid":{"rendered":"http:\/\/www.sindsaudeba.org.br\/novo\/?p=4990"},"modified":"2019-12-13T17:52:30","modified_gmt":"2019-12-13T20:52:30","slug":"assembleia-dia-19-para-definir-a-continuidade-da-luta","status":"publish","type":"post","link":"https:\/\/sindsaudeba.org.br\/portal\/blog\/assembleia-dia-19-para-definir-a-continuidade-da-luta\/","title":{"rendered":"ASSEMBLEIA DIA 19 PARA DEFINIR A CONTINUIDADE DA LUTA PELA DATA-BASE"},"content":{"rendered":"<p style=\"text-align: justify\">Ignorando toda a luta empreendida pelo Sindsa\u00fade e pelos servidores da Sesab contra a proposta de reajuste parcelado do governo estadual , a Assembleia Legislativa aprovou o projeto na \u00edntegra, na noite de quarta-feira (6).<\/p>\n<p style=\"text-align: justify\">Diante disto o Sindsa\u00fade j\u00e1 est\u00e1 tomando as provid\u00eancias necess\u00e1rias para entrar com a\u00e7\u00e3o na Justi\u00e7a reclamando o cumprimento da data-base da categoria, que \u00e9 janeiro, integralmente.<\/p>\n<p style=\"text-align: justify\">Al\u00e9m disso, a diretoria do sindicato encaminhou of\u00edcio aos secret\u00e1rios da Sa\u00fade e da Administra\u00e7\u00e3o solicitando imediata abertura de mesa de negocia\u00e7\u00e3o setorial para tratar da pauta espec\u00edfica da Sa\u00fade, que inclui a regulamenta\u00e7\u00e3o da progress\u00e3o e promo\u00e7\u00e3o do Plano de Carreira, a situa\u00e7\u00e3o dos auxiliares e t\u00e9cnicos administrativos, a GID e a URV.<\/p>\n<p style=\"text-align: justify\">Agendamos para o dia 19 de maio, ter\u00e7a-feira, \u00e1s 16h, no audit\u00f3rio do Sindicato dos Banc\u00e1rios (Merc\u00eas), nova assembl\u00e9ia-geral da categoria para deliberar sobre a continuidade do movimento<a href=\"http:\/\/www.sindsaudeba.org.br\/novo\/wp-content\/uploads\/2015\/05\/cartaz-da-assembleia1.jpg\"><img loading=\"lazy\" class=\"aligncenter size-medium wp-image-4992\" title=\"cartaz da assembleia\" src=\"http:\/\/www.sindsaudeba.org.br\/novo\/wp-content\/uploads\/2015\/05\/cartaz-da-assembleia1-212x300.jpg\" alt=\"\" width=\"212\" height=\"300\" \/><\/a><\/p>\n","protected":false},"excerpt":{"rendered":"<p>Ignorando toda a luta empreendida pelo Sindsa\u00fade e pelos servidores da Sesab contra a proposta de reajuste parcelado do governo estadual , a Assembleia Legislativa aprovou o projeto na \u00edntegra, na noite de quarta-feira (6). Diante disto o Sindsa\u00fade j\u00e1 est\u00e1 tomando as provid\u00eancias necess\u00e1rias&#8230;<\/p>\n","protected":false},"author":2,"featured_media":4991,"comment_status":"open","ping_status":"open","sticky":false,"template":"","format":"standard","meta":[],"categories":[11],"tags":[],"amp_validity":null,"amp_enabled":true,"_links":{"self":[{"href":"https:\/\/sindsaudeba.org.br\/portal\/wp-json\/wp\/v2\/posts\/4990"}],"collection":[{"href":"https:\/\/sindsaudeba.org.br\/portal\/wp-json\/wp\/v2\/posts"}],"about":[{"href":"https:\/\/sindsaudeba.org.br\/portal\/wp-json\/wp\/v2\/types\/post"}],"author":[{"embeddable":true,"href":"https:\/\/sindsaudeba.org.br\/portal\/wp-json\/wp\/v2\/users\/2"}],"replies":[{"embeddable":true,"href":"https:\/\/sindsaudeba.org.br\/portal\/wp-json\/wp\/v2\/comments?post=4990"}],"version-history":[{"count":1,"href":"https:\/\/sindsaudeba.org.br\/portal\/wp-json\/wp\/v2\/posts\/4990\/revisions"}],"predecessor-version":[{"id":14070,"href":"https:\/\/sindsaudeba.org.br\/portal\/wp-json\/wp\/v2\/posts\/4990\/revisions\/14070"}],"wp:featuredmedia":[{"embeddable":true,"href":"https:\/\/sindsaudeba.org.br\/portal\/wp-json\/wp\/v2\/media\/4991"}],"wp:attachment":[{"href":"https:\/\/sindsaudeba.org.br\/portal\/wp-json\/wp\/v2\/media?parent=4990"}],"wp:term":[{"taxonomy":"category","embeddable":true,"href":"https:\/\/sindsaudeba.org.br\/portal\/wp-json\/wp\/v2\/categories?post=4990"},{"taxonomy":"post_tag","embeddable":true,"href":"https:\/\/sindsaudeba.org.br\/portal\/wp-json\/wp\/v2\/tags?post=4990"}],"curies":[{"name":"wp","href":"https:\/\/api.w.org\/{rel}","templated":true}]}}