{"id":4979,"date":"2015-05-06T23:27:41","date_gmt":"2015-05-07T02:27:41","guid":{"rendered":"http:\/\/www.sindsaudeba.org.br\/novo\/?p=4979"},"modified":"2019-12-13T17:52:30","modified_gmt":"2019-12-13T20:52:30","slug":"al-aprova-reajuste-parcelado-contra-a-vontade-dos-servidores","status":"publish","type":"post","link":"https:\/\/sindsaudeba.org.br\/portal\/blog\/al-aprova-reajuste-parcelado-contra-a-vontade-dos-servidores\/","title":{"rendered":"AL aprova reajuste parcelado contra a vontade dos servidores"},"content":{"rendered":"<p><a href=\"http:\/\/www.sindsaudeba.org.br\/novo\/wp-content\/uploads\/2015\/05\/unnamed-13.jpg\"><img loading=\"lazy\" class=\"aligncenter size-medium wp-image-4986\" title=\"unnamed (1)\" src=\"http:\/\/www.sindsaudeba.org.br\/novo\/wp-content\/uploads\/2015\/05\/unnamed-13-300x199.jpg\" alt=\"\" width=\"300\" height=\"199\" \/><\/a><br \/>\n<a href=\"http:\/\/www.sindsaudeba.org.br\/novo\/wp-content\/uploads\/2015\/05\/unnamed-72.jpg\"><img loading=\"lazy\" class=\"aligncenter size-medium wp-image-4980\" title=\"unnamed (7)\" src=\"http:\/\/www.sindsaudeba.org.br\/novo\/wp-content\/uploads\/2015\/05\/unnamed-72-300x200.jpg\" alt=\"\" width=\"300\" height=\"200\" \/><\/a><\/p>\n<p style=\"text-align: justify\">Apesar dos protestos do Sindsa\u00fade e de dezenas de servidores estaduais que lotaram as galerias da Assembleia Legislativa, a bancada do governo aprovou, na noite de quarta-feira (6), o projeto de reajuste salarial do funcionalismo p\u00fablico. O \u00edndice de 6,41% ser\u00e1 dividido em duas parcelas, sendo uma de 3,5% retroativo a mar\u00e7o e outra de 2,9% em novembro.<\/p>\n<p style=\"text-align: justify\">Durante o processo, que durou dois dias de intensos debates e manifesta\u00e7\u00f5es, a diretoria do Sindsa\u00fade chegou a se reunir com a bancada da oposi\u00e7\u00e3o na AL-BA na tentativa de conseguir avan\u00e7os na proposta, mas n\u00e3o teve acordo com a bancada governista e o projeto foi aprovado na \u00edntegra.<\/p>\n<p style=\"text-align: justify\">O sindicato vai analisar a situa\u00e7\u00e3o sob o ponto de vista jur\u00eddico e pol\u00edtico para definir a continuidade da luta contra o parcelamento do \u00edndice.<\/p>\n<p>Foto: Carlos Am\u00e9rico\/Foco Filmes<\/p>\n","protected":false},"excerpt":{"rendered":"<p>Apesar dos protestos do Sindsa\u00fade e de dezenas de servidores estaduais que lotaram as galerias da Assembleia Legislativa, a bancada do governo aprovou, na noite de quarta-feira (6), o projeto de reajuste salarial do funcionalismo p\u00fablico. O \u00edndice de 6,41% ser\u00e1 dividido em duas parcelas,&#8230;<\/p>\n","protected":false},"author":2,"featured_media":4980,"comment_status":"open","ping_status":"open","sticky":false,"template":"","format":"standard","meta":[],"categories":[11],"tags":[],"amp_validity":null,"amp_enabled":true,"_links":{"self":[{"href":"https:\/\/sindsaudeba.org.br\/portal\/wp-json\/wp\/v2\/posts\/4979"}],"collection":[{"href":"https:\/\/sindsaudeba.org.br\/portal\/wp-json\/wp\/v2\/posts"}],"about":[{"href":"https:\/\/sindsaudeba.org.br\/portal\/wp-json\/wp\/v2\/types\/post"}],"author":[{"embeddable":true,"href":"https:\/\/sindsaudeba.org.br\/portal\/wp-json\/wp\/v2\/users\/2"}],"replies":[{"embeddable":true,"href":"https:\/\/sindsaudeba.org.br\/portal\/wp-json\/wp\/v2\/comments?post=4979"}],"version-history":[{"count":1,"href":"https:\/\/sindsaudeba.org.br\/portal\/wp-json\/wp\/v2\/posts\/4979\/revisions"}],"predecessor-version":[{"id":14071,"href":"https:\/\/sindsaudeba.org.br\/portal\/wp-json\/wp\/v2\/posts\/4979\/revisions\/14071"}],"wp:featuredmedia":[{"embeddable":true,"href":"https:\/\/sindsaudeba.org.br\/portal\/wp-json\/wp\/v2\/media\/4980"}],"wp:attachment":[{"href":"https:\/\/sindsaudeba.org.br\/portal\/wp-json\/wp\/v2\/media?parent=4979"}],"wp:term":[{"taxonomy":"category","embeddable":true,"href":"https:\/\/sindsaudeba.org.br\/portal\/wp-json\/wp\/v2\/categories?post=4979"},{"taxonomy":"post_tag","embeddable":true,"href":"https:\/\/sindsaudeba.org.br\/portal\/wp-json\/wp\/v2\/tags?post=4979"}],"curies":[{"name":"wp","href":"https:\/\/api.w.org\/{rel}","templated":true}]}}