{"id":4766,"date":"2015-03-20T13:07:51","date_gmt":"2015-03-20T16:07:51","guid":{"rendered":"http:\/\/www.sindsaudeba.org.br\/novo\/?p=4766"},"modified":"2019-12-13T17:52:33","modified_gmt":"2019-12-13T20:52:33","slug":"audiencia-em-itapetinga-discute-extincao-das-dires","status":"publish","type":"post","link":"https:\/\/sindsaudeba.org.br\/portal\/blog\/audiencia-em-itapetinga-discute-extincao-das-dires\/","title":{"rendered":"Audi\u00eancia em Itapetinga discute extin\u00e7\u00e3o das Dires"},"content":{"rendered":"<p><a href=\"http:\/\/www.sindsaudeba.org.br\/novo\/wp-content\/uploads\/2015\/03\/IMG_2502.jpg\"><img loading=\"lazy\" class=\"alignleft size-medium wp-image-4768\" title=\"IMG_2502\" src=\"http:\/\/www.sindsaudeba.org.br\/novo\/wp-content\/uploads\/2015\/03\/IMG_2502-300x225.jpg\" alt=\"\" width=\"300\" height=\"225\" \/><\/a>A extin\u00e7\u00e3o das Dires e a regionaliza\u00e7\u00e3o da sa\u00fade foram discutidas em uma audi\u00eancia p\u00fablica realizada no munic\u00edpio de Itapetinga, no dia 18 de mar\u00e7o. O presidente do Sindsa\u00fade-Ba, Silvio Roberto dos Anjos e Silva, participou do encontro que contou com a participa\u00e7\u00e3o de representantes da Defensoria P\u00fablica e das c\u00e2maras municipais, entidades sindicais, religiosas e segmentos sociais da regi\u00e3o. O evento foi realizado na Casa Ma\u00e7\u00f4nica Centro e Uni\u00e3o.<br \/>\nO documento final conteve as proposi\u00e7\u00f5es e reivindica\u00e7\u00f5es do sindicato. Entre eles est\u00e3o a cria\u00e7\u00e3o de um f\u00f3rum permanente com representantes de servidores de todas as Dires e representantes das entidades de profissionais de sa\u00fade, de conselhos municipais e do Conselho Estadual de Sa\u00fade (CES); que nenhum servidor seja relotado, disponibilizado ou cedido enquanto n\u00e3o for conclu\u00eddo o processo de ajuste e redesenho da regionaliza\u00e7\u00e3o da sa\u00fade.<br \/>\nTamb\u00e9m s\u00e3o reivindica\u00e7\u00f5es da entidade que o processo de regionaliza\u00e7\u00e3o da sa\u00fade n\u00e3o traga preju\u00edzo aos servidores e que todo processo seja acompanhado pelo Minist\u00e9rio P\u00fablico Estadual e Defensoria P\u00fablica<br \/>\n&nbsp;<br \/>\n&nbsp;<br \/>\n&nbsp;<br \/>\n&nbsp;<\/p>\n","protected":false},"excerpt":{"rendered":"<p>A extin\u00e7\u00e3o das Dires e a regionaliza\u00e7\u00e3o da sa\u00fade foram discutidas em uma audi\u00eancia p\u00fablica realizada no munic\u00edpio de Itapetinga, no dia 18 de mar\u00e7o. O presidente do Sindsa\u00fade-Ba, Silvio Roberto dos Anjos e Silva, participou do encontro que contou com a participa\u00e7\u00e3o de representantes&#8230;<\/p>\n","protected":false},"author":2,"featured_media":4767,"comment_status":"open","ping_status":"open","sticky":false,"template":"","format":"standard","meta":[],"categories":[9],"tags":[],"amp_validity":null,"amp_enabled":true,"_links":{"self":[{"href":"https:\/\/sindsaudeba.org.br\/portal\/wp-json\/wp\/v2\/posts\/4766"}],"collection":[{"href":"https:\/\/sindsaudeba.org.br\/portal\/wp-json\/wp\/v2\/posts"}],"about":[{"href":"https:\/\/sindsaudeba.org.br\/portal\/wp-json\/wp\/v2\/types\/post"}],"author":[{"embeddable":true,"href":"https:\/\/sindsaudeba.org.br\/portal\/wp-json\/wp\/v2\/users\/2"}],"replies":[{"embeddable":true,"href":"https:\/\/sindsaudeba.org.br\/portal\/wp-json\/wp\/v2\/comments?post=4766"}],"version-history":[{"count":1,"href":"https:\/\/sindsaudeba.org.br\/portal\/wp-json\/wp\/v2\/posts\/4766\/revisions"}],"predecessor-version":[{"id":14096,"href":"https:\/\/sindsaudeba.org.br\/portal\/wp-json\/wp\/v2\/posts\/4766\/revisions\/14096"}],"wp:featuredmedia":[{"embeddable":true,"href":"https:\/\/sindsaudeba.org.br\/portal\/wp-json\/wp\/v2\/media\/4767"}],"wp:attachment":[{"href":"https:\/\/sindsaudeba.org.br\/portal\/wp-json\/wp\/v2\/media?parent=4766"}],"wp:term":[{"taxonomy":"category","embeddable":true,"href":"https:\/\/sindsaudeba.org.br\/portal\/wp-json\/wp\/v2\/categories?post=4766"},{"taxonomy":"post_tag","embeddable":true,"href":"https:\/\/sindsaudeba.org.br\/portal\/wp-json\/wp\/v2\/tags?post=4766"}],"curies":[{"name":"wp","href":"https:\/\/api.w.org\/{rel}","templated":true}]}}