{"id":4453,"date":"2015-01-10T12:54:00","date_gmt":"2015-01-10T15:54:00","guid":{"rendered":"http:\/\/www.sindsaudeba.org.br\/novo\/?p=4453"},"modified":"2019-12-13T17:53:39","modified_gmt":"2019-12-13T20:53:39","slug":"servidores-da-saude-cobrarao-reajuste-salarial-e-urv-na-lavagem-do-bonfim","status":"publish","type":"post","link":"https:\/\/sindsaudeba.org.br\/portal\/blog\/servidores-da-saude-cobrarao-reajuste-salarial-e-urv-na-lavagem-do-bonfim\/","title":{"rendered":"Servidores da Sa\u00fade cobrar\u00e3o reajuste  salarial e URV na Lavagem do Bonfim"},"content":{"rendered":"<div id=\"attachment_4454\" style=\"width: 310px\" class=\"wp-caption alignleft\"><a href=\"http:\/\/www.sindsaudeba.org.br\/novo\/wp-content\/uploads\/2015\/01\/Lavagem-da-sa\u00fade.jpg\"><img aria-describedby=\"caption-attachment-4454\" loading=\"lazy\" class=\"size-medium wp-image-4454\" title=\"Lavagem-da-sa\u00fade\" src=\"http:\/\/www.sindsaudeba.org.br\/novo\/wp-content\/uploads\/2015\/01\/Lavagem-da-sa\u00fade-300x200.jpg\" alt=\"\" width=\"300\" height=\"200\" \/><\/a><p id=\"caption-attachment-4454\" class=\"wp-caption-text\">Foto: Carlos Am\u00e9rico Barros<\/p><\/div><br \/>\nMantendo a tradi\u00e7\u00e3o de todos os anos, o Sindsa\u00fade e os servidores da Sa\u00fade participam da tradicional Lavagem do Bonfim, no pr\u00f3ximo dia 15 de janeiro (quinta-feira), dando in\u00edcio \u00e0 luta pela campanha salarial do conjunto do funcionalismo p\u00fablico estadual, juntamente com demais entidades.<br \/>\nOs trabalhadores da Sa\u00fade e de todo Estado protestam contra a falta do an\u00fancio do reajuste salarial que deveria ser anunciado pelo governo desde o dia 1\u00ba de janeiro. A categoria exige tamb\u00e9m que aumento salarial seja concedido integralmente, sem divis\u00e3o. Nos \u00faltimos anos, o Estado vem dividindo o reajuste em duas parcelas, trazendo preju\u00edzos financeiros para o trabalhador, j\u00e1 que o percentual fica abaixo da infla\u00e7\u00e3o.<br \/>\nO Sindsa\u00fade tamb\u00e9m levar\u00e1 para o cortejo outras bandeiras de lutas da categoria como o pagamento da URV, n\u00e3o \u00e0 privatiza\u00e7\u00e3o da Sa\u00fade, a defesa do SUS, dentre outras reivindica\u00e7\u00f5es. O sindicato convoca os trabalhadores da Sa\u00fade para participarem do movimento, fortalecendo a luta conjunta de todos os sindicatos. Os interessados em participar do cortejo do Bonfim junto com o Sindsa\u00fade, devem entrar em contato com o sindicato para fazer a reserva da camisa.<\/p>\n","protected":false},"excerpt":{"rendered":"<p>Mantendo a tradi\u00e7\u00e3o de todos os anos, o Sindsa\u00fade e os servidores da Sa\u00fade participam da tradicional Lavagem do Bonfim, no pr\u00f3ximo dia 15 de janeiro (quinta-feira), dando in\u00edcio \u00e0 luta pela campanha salarial do conjunto do funcionalismo p\u00fablico estadual, juntamente com demais entidades. Os&#8230;<\/p>\n","protected":false},"author":2,"featured_media":4454,"comment_status":"open","ping_status":"open","sticky":false,"template":"","format":"standard","meta":[],"categories":[11],"tags":[],"amp_validity":null,"amp_enabled":true,"_links":{"self":[{"href":"https:\/\/sindsaudeba.org.br\/portal\/wp-json\/wp\/v2\/posts\/4453"}],"collection":[{"href":"https:\/\/sindsaudeba.org.br\/portal\/wp-json\/wp\/v2\/posts"}],"about":[{"href":"https:\/\/sindsaudeba.org.br\/portal\/wp-json\/wp\/v2\/types\/post"}],"author":[{"embeddable":true,"href":"https:\/\/sindsaudeba.org.br\/portal\/wp-json\/wp\/v2\/users\/2"}],"replies":[{"embeddable":true,"href":"https:\/\/sindsaudeba.org.br\/portal\/wp-json\/wp\/v2\/comments?post=4453"}],"version-history":[{"count":1,"href":"https:\/\/sindsaudeba.org.br\/portal\/wp-json\/wp\/v2\/posts\/4453\/revisions"}],"predecessor-version":[{"id":14145,"href":"https:\/\/sindsaudeba.org.br\/portal\/wp-json\/wp\/v2\/posts\/4453\/revisions\/14145"}],"wp:featuredmedia":[{"embeddable":true,"href":"https:\/\/sindsaudeba.org.br\/portal\/wp-json\/wp\/v2\/media\/4454"}],"wp:attachment":[{"href":"https:\/\/sindsaudeba.org.br\/portal\/wp-json\/wp\/v2\/media?parent=4453"}],"wp:term":[{"taxonomy":"category","embeddable":true,"href":"https:\/\/sindsaudeba.org.br\/portal\/wp-json\/wp\/v2\/categories?post=4453"},{"taxonomy":"post_tag","embeddable":true,"href":"https:\/\/sindsaudeba.org.br\/portal\/wp-json\/wp\/v2\/tags?post=4453"}],"curies":[{"name":"wp","href":"https:\/\/api.w.org\/{rel}","templated":true}]}}