{"id":4448,"date":"2015-01-08T12:55:11","date_gmt":"2015-01-08T15:55:11","guid":{"rendered":"http:\/\/www.sindsaudeba.org.br\/novo\/?p=4448"},"modified":"2019-12-13T17:53:39","modified_gmt":"2019-12-13T20:53:39","slug":"secretario-da-saude-visita-sindsaude-e-ouve-demandas-da-categoria","status":"publish","type":"post","link":"https:\/\/sindsaudeba.org.br\/portal\/blog\/secretario-da-saude-visita-sindsaude-e-ouve-demandas-da-categoria\/","title":{"rendered":"Secret\u00e1rio da Sa\u00fade visita Sindsa\u00fade e ouve demandas da categoria"},"content":{"rendered":"<div id=\"attachment_4449\" style=\"width: 310px\" class=\"wp-caption alignleft\"><a href=\"http:\/\/www.sindsaudeba.org.br\/novo\/wp-content\/uploads\/2015\/01\/visita-do-secretario.jpg\"><img aria-describedby=\"caption-attachment-4449\" loading=\"lazy\" class=\"size-medium wp-image-4449\" title=\"visita do secretario\" src=\"http:\/\/www.sindsaudeba.org.br\/novo\/wp-content\/uploads\/2015\/01\/visita-do-secretario-300x199.jpg\" alt=\"\" width=\"300\" height=\"199\" \/><\/a><p id=\"caption-attachment-4449\" class=\"wp-caption-text\">Foto: Reprodu\u00e7\u00e3o Facebook F\u00e1bio Vilas-Boas<\/p><\/div><br \/>\nA diretoria do Sindsa\u00fade cobrou valoriza\u00e7\u00e3o profissional para os servidores da Sa\u00fade e melhorias para o SUS durante a visita do novo secret\u00e1rio, F\u00e1bio Vilas-Boas, realizada na sede do sindicato no dia 30 de dezembro. Durante o encontro os representantes da entidade apresentaram as principais demandas da categoria como melhoria das condi\u00e7\u00f5es de trabalho, d\u00e9ficit de profissionais, realiza\u00e7\u00e3o de concurso p\u00fablico, fim da terceiriza\u00e7\u00e3o dos hospitais, revis\u00e3o de estruturas de carreiras, efetiva\u00e7\u00e3o da progress\u00e3o prevista para janeiro desde ano. O sindicato registrou a inquieta\u00e7\u00e3o dos servidores com a extin\u00e7\u00e3o das DIRES manifestando que n\u00e3o aceitar\u00e3o preju\u00edzo para os colegas do interior do estado.<br \/>\nSegundo o secret\u00e1rio, as reuni\u00f5es com os representantes das entidades da \u00e1rea da Sa\u00fade tiveram o objetivo de estabelecer um espa\u00e7o democr\u00e1tico de di\u00e1logo, visando mobilizar os atores envolvidos na solu\u00e7\u00e3o de problemas. Ele pediu a colabora\u00e7\u00e3o do sindicato no diagn\u00f3stico das dificuldades sobre as condi\u00e7\u00f5es de trabalho e prop\u00f4s a forma\u00e7\u00e3o de um conselho consultivo. Sobre a mudan\u00e7a no formato das Diretorias Regionais de Sa\u00fade (DIRES), F\u00e1bio Vilas-Boas afirmou que o projeto ainda est\u00e1 em fase de conclus\u00e3o e que, em breve, a Sesab ouvir\u00e1 os servidores.<br \/>\nA diretoria do Sindsa\u00fade avaliou como positiva a visita do secret\u00e1rio na entidade e se colocou \u00e0 disposi\u00e7\u00e3o para contribuir para a melhoria da situa\u00e7\u00e3o dos servidores e da assist\u00eancia, reafirmando que manter\u00e1 a defesa intransigente pelos direitos dos trabalhadores da Sa\u00fade. O sindicato j\u00e1 solicitou uma audi\u00eancia com o secret\u00e1rio para entregar oficialmente a pauta de reivindica\u00e7\u00e3o dos servidores da Sa\u00fade, aprovada durante o Congresso Estadual dos Trabalhadores da Sa\u00fade, realizado nos dias 12 e 13 de dezembro.<\/p>\n","protected":false},"excerpt":{"rendered":"<p>A diretoria do Sindsa\u00fade cobrou valoriza\u00e7\u00e3o profissional para os servidores da Sa\u00fade e melhorias para o SUS durante a visita do novo secret\u00e1rio, F\u00e1bio Vilas-Boas, realizada na sede do sindicato no dia 30 de dezembro. Durante o encontro os representantes da entidade apresentaram as principais&#8230;<\/p>\n","protected":false},"author":2,"featured_media":4449,"comment_status":"open","ping_status":"open","sticky":false,"template":"","format":"standard","meta":[],"categories":[11],"tags":[],"amp_validity":null,"amp_enabled":true,"_links":{"self":[{"href":"https:\/\/sindsaudeba.org.br\/portal\/wp-json\/wp\/v2\/posts\/4448"}],"collection":[{"href":"https:\/\/sindsaudeba.org.br\/portal\/wp-json\/wp\/v2\/posts"}],"about":[{"href":"https:\/\/sindsaudeba.org.br\/portal\/wp-json\/wp\/v2\/types\/post"}],"author":[{"embeddable":true,"href":"https:\/\/sindsaudeba.org.br\/portal\/wp-json\/wp\/v2\/users\/2"}],"replies":[{"embeddable":true,"href":"https:\/\/sindsaudeba.org.br\/portal\/wp-json\/wp\/v2\/comments?post=4448"}],"version-history":[{"count":1,"href":"https:\/\/sindsaudeba.org.br\/portal\/wp-json\/wp\/v2\/posts\/4448\/revisions"}],"predecessor-version":[{"id":14146,"href":"https:\/\/sindsaudeba.org.br\/portal\/wp-json\/wp\/v2\/posts\/4448\/revisions\/14146"}],"wp:featuredmedia":[{"embeddable":true,"href":"https:\/\/sindsaudeba.org.br\/portal\/wp-json\/wp\/v2\/media\/4449"}],"wp:attachment":[{"href":"https:\/\/sindsaudeba.org.br\/portal\/wp-json\/wp\/v2\/media?parent=4448"}],"wp:term":[{"taxonomy":"category","embeddable":true,"href":"https:\/\/sindsaudeba.org.br\/portal\/wp-json\/wp\/v2\/categories?post=4448"},{"taxonomy":"post_tag","embeddable":true,"href":"https:\/\/sindsaudeba.org.br\/portal\/wp-json\/wp\/v2\/tags?post=4448"}],"curies":[{"name":"wp","href":"https:\/\/api.w.org\/{rel}","templated":true}]}}