{"id":4429,"date":"2014-12-22T12:57:08","date_gmt":"2014-12-22T15:57:08","guid":{"rendered":"http:\/\/www.sindsaudeba.org.br\/novo\/?p=4429"},"modified":"2019-12-13T17:53:39","modified_gmt":"2019-12-13T20:53:39","slug":"diferenca-do-salario-do-mes-de-dezembro-sera-paga-em-2-de-janeiro-segundo-governo","status":"publish","type":"post","link":"https:\/\/sindsaudeba.org.br\/portal\/blog\/diferenca-do-salario-do-mes-de-dezembro-sera-paga-em-2-de-janeiro-segundo-governo\/","title":{"rendered":"Diferen\u00e7a do sal\u00e1rio do m\u00eas de dezembro ser\u00e1 paga  em 2 de janeiro, segundo governo"},"content":{"rendered":"<p style=\"text-align: justify\"><a href=\"http:\/\/www.sindsaudeba.org.br\/novo\/wp-content\/uploads\/2014\/12\/avisoazul.jpg\"><br \/>\n<img loading=\"lazy\" class=\"alignleft size-medium wp-image-4430\" title=\"avisoazul\" src=\"http:\/\/www.sindsaudeba.org.br\/novo\/wp-content\/uploads\/2014\/12\/avisoazul-300x192.jpg\" alt=\"\" width=\"300\" height=\"192\" \/><\/a><\/p>\n<p>&nbsp;<br \/>\n&nbsp;<br \/>\n&nbsp;<br \/>\n&nbsp;<\/p>\n<p style=\"text-align: justify\">O Sindsa\u00fade, juntamente com outras entidades do funcionalismo p\u00fablico estadual, entraram em contato com a Secretaria da Administra\u00e7\u00e3o para buscar informa\u00e7\u00f5es a respeito das den\u00fancias dos servidores sobre os descontos indevidos em seus sal\u00e1rios do m\u00eas de dezembro. Segundo informa\u00e7\u00f5es publicadas no site da Secretaria de Comunica\u00e7\u00e3o do Estado (Secom), o governo realizar\u00e1 o pagamento do sal\u00e1rio de todos os servidores do Estado referentes ao m\u00eas de dezembro, nos dias 29 e 30 deste m\u00eas, conforme o cronograma divulgado no in\u00edcio do ano.<\/p>\n<p style=\"text-align: justify\">\n<p style=\"text-align: justify\">O \u00f3rg\u00e3o informou tamb\u00e9m que, em rela\u00e7\u00e3o ao desconto dos sal\u00e1rios, o erro ocorreu por uma falha no processamento de dados, j\u00e1 identificada e corrigida. A Secom informa que a diferen\u00e7a ser\u00e1 paga no dia 2 de janeiro, primeiro dia \u00fatil de 2015. J\u00e1 o pagamento da segunda parcela do 13\u00ba sal\u00e1rio foi efetuado pela Saeb, integralmente, na quinta e sexta-feira (18 e 19).<\/p>\n<p style=\"text-align: justify\">Para o Sindsa\u00fade, a situa\u00e7\u00e3o \u00e9 um desrespeito aos trabalhadores, que possuem seus compromissos mensais e s\u00e3o prejudicados com o desfalque dos seus sal\u00e1rios. O sindicato ressalta que j\u00e1 denunciou outras falhas ocorridas nos contracheques dos servidores ao Minist\u00e9rio P\u00fablico Estadual, que acarretaram preju\u00edzos aos servidores.<\/p>\n<p style=\"text-align: justify\">\n<p style=\"text-align: justify\">O Sindsa\u00fade alerta os trabalhadores que fiquem atentos ao pagamento da diferen\u00e7a na folha complementar, pois nem sempre a reposi\u00e7\u00e3o \u00e9 efetuada de forma correta. Se for detectado alguma irregularidade, o servidor dever\u00e1 entrar com um processo administrativo para que o problema seja resolvido.<\/p>\n<p>Veja a nota publicada pela Secom:<br \/>\n<a href=\"http:\/\/www.secom.ba.gov.br\/2014\/12\/123015\/Saeb-confirma-pagamento-de-proventos-a-servidores-nos-dias-29-e-30-de-dezembro.html\" target=\"_blank\" rel=\"noopener noreferrer\">http:\/\/www.secom.ba.gov.br\/2014\/12\/123015\/Saeb-confirma-pagamento-de-proventos-a-servidores-nos-dias-29-e-30-de-dezembro.html<\/a><\/p>\n","protected":false},"excerpt":{"rendered":"<p>&nbsp; &nbsp; &nbsp; &nbsp; O Sindsa\u00fade, juntamente com outras entidades do funcionalismo p\u00fablico estadual, entraram em contato com a Secretaria da Administra\u00e7\u00e3o para buscar informa\u00e7\u00f5es a respeito das den\u00fancias dos servidores sobre os descontos indevidos em seus sal\u00e1rios do m\u00eas de dezembro. Segundo informa\u00e7\u00f5es publicadas&#8230;<\/p>\n","protected":false},"author":2,"featured_media":4430,"comment_status":"open","ping_status":"open","sticky":false,"template":"","format":"standard","meta":[],"categories":[11],"tags":[],"amp_validity":null,"amp_enabled":true,"_links":{"self":[{"href":"https:\/\/sindsaudeba.org.br\/portal\/wp-json\/wp\/v2\/posts\/4429"}],"collection":[{"href":"https:\/\/sindsaudeba.org.br\/portal\/wp-json\/wp\/v2\/posts"}],"about":[{"href":"https:\/\/sindsaudeba.org.br\/portal\/wp-json\/wp\/v2\/types\/post"}],"author":[{"embeddable":true,"href":"https:\/\/sindsaudeba.org.br\/portal\/wp-json\/wp\/v2\/users\/2"}],"replies":[{"embeddable":true,"href":"https:\/\/sindsaudeba.org.br\/portal\/wp-json\/wp\/v2\/comments?post=4429"}],"version-history":[{"count":1,"href":"https:\/\/sindsaudeba.org.br\/portal\/wp-json\/wp\/v2\/posts\/4429\/revisions"}],"predecessor-version":[{"id":14150,"href":"https:\/\/sindsaudeba.org.br\/portal\/wp-json\/wp\/v2\/posts\/4429\/revisions\/14150"}],"wp:featuredmedia":[{"embeddable":true,"href":"https:\/\/sindsaudeba.org.br\/portal\/wp-json\/wp\/v2\/media\/4430"}],"wp:attachment":[{"href":"https:\/\/sindsaudeba.org.br\/portal\/wp-json\/wp\/v2\/media?parent=4429"}],"wp:term":[{"taxonomy":"category","embeddable":true,"href":"https:\/\/sindsaudeba.org.br\/portal\/wp-json\/wp\/v2\/categories?post=4429"},{"taxonomy":"post_tag","embeddable":true,"href":"https:\/\/sindsaudeba.org.br\/portal\/wp-json\/wp\/v2\/tags?post=4429"}],"curies":[{"name":"wp","href":"https:\/\/api.w.org\/{rel}","templated":true}]}}