{"id":4413,"date":"2014-12-13T18:10:37","date_gmt":"2014-12-13T21:10:37","guid":{"rendered":"http:\/\/www.sindsaudeba.org.br\/novo\/?p=4413"},"modified":"2019-12-13T17:53:40","modified_gmt":"2019-12-13T20:53:40","slug":"eleita-diretoria-do-sindsaude-para-trienio-20152018","status":"publish","type":"post","link":"https:\/\/sindsaudeba.org.br\/portal\/blog\/eleita-diretoria-do-sindsaude-para-trienio-20152018\/","title":{"rendered":"Eleita diretoria do Sindsa\u00fade para tri\u00eanio 2015\/2018"},"content":{"rendered":"<p align=\"center\"><em>Chapa \u00fanica foi aprovada no IX Congresso da categoria<\/em><\/p>\n<p>&nbsp;<br \/>\n&nbsp;<br \/>\n<div id=\"attachment_4414\" style=\"width: 310px\" class=\"wp-caption alignleft\"><a href=\"http:\/\/www.sindsaudeba.org.br\/novo\/wp-content\/uploads\/2014\/12\/unnamed-12.jpg\"><img aria-describedby=\"caption-attachment-4414\" loading=\"lazy\" class=\"size-medium wp-image-4414\" title=\"unnamed (12)\" src=\"http:\/\/www.sindsaudeba.org.br\/novo\/wp-content\/uploads\/2014\/12\/unnamed-12-300x200.jpg\" alt=\"\" width=\"300\" height=\"200\" \/><\/a><p id=\"caption-attachment-4414\" class=\"wp-caption-text\">Foto: Carlos Am\u00e9rico Barros<\/p><\/div><br \/>\nTendo \u00e0 frente o enfermeiro sanitarista e advogado S\u00edlvio Roberto dos Anjos e Silva, foi eleita no IX Congresso dos Trabalhadores em Sa\u00fade do Estado da Bahia, na tarde deste s\u00e1bado, a nova diretoria do Sindsa\u00fade-Ba, tri\u00eanio 2015\/2018. Ex-presidente e atual diretor de Forma\u00e7\u00e3o e Rela\u00e7\u00e3o Intersindical, S\u00edlvio Roberto \u00e9 tamb\u00e9m conselheiro estadual de Sa\u00fade, representando os servidores. Na vice-presid\u00eancia foi mantida a nutricionista e professora universit\u00e1ria Tereza Deir\u00f3.<br \/>\nA presidente Inalba Fontenelle fez um balan\u00e7o positivo do evento, \u201cpelo reencontro dos colegas, discuss\u00f5es riqu\u00edssimas, aprendizado para toda a categoria e demonstra\u00e7\u00e3o de combatividade dos servidores da Sa\u00fade\u201d. Aproveitou para agradecer a todos os colegas da atual diretoria pelo trabalho em equipe e conclamou a categoria a permanecer mobilizada para avan\u00e7ar nas lutas pela valoriza\u00e7\u00e3o dos trabalhadores e pelo fortalecimento do SUS.<br \/>\n&nbsp;<br \/>\n<strong>Vigilantes<\/strong><br \/>\n&nbsp;<br \/>\nMarinalva Nunes, presidente da Fetrab, saudou o Congresso e a nova diretoria, em nome do conjunto dos trabalhadores p\u00fablicos. O presidente eleito, S\u00edlvio Roberto, destacou a combatividade da presidente Inalba Fontenelle e reafirmou o compromisso do sindicato com todas as bandeiras dos servidores da sa\u00fade. \u201cVamos continuar vigilantes para que a nova gest\u00e3o governamental n\u00e3o promova nenhum retrocesso nos direitos dos trabalhadores. N\u00e3o vamos deixar passar nada sem negocia\u00e7\u00e3o e press\u00e3o. E se n\u00e3o pagar a URV vamos parar\u201d, declarou S\u00edlvio.<br \/>\n&nbsp;<br \/>\nVeja, na \u00edntegra, a composi\u00e7\u00e3o da chapa \u00fanica Unidos pelo Fortelecimento do SUS e Valoriza\u00e7\u00e3o dos Trabalhadores.<br \/>\n&nbsp;<br \/>\n&nbsp;<\/p>\n<table width=\"624\" border=\"0\" cellspacing=\"0\" cellpadding=\"0\">\n<tbody>\n<tr>\n<td valign=\"top\" width=\"331\">a) Presidente<\/td>\n<td valign=\"top\" width=\"293\">S\u00edlvio Roberto dos Anjos e Silva<\/td>\n<\/tr>\n<tr>\n<td valign=\"top\" width=\"331\">b) Vice-Presidente<\/td>\n<td valign=\"top\" width=\"293\">Tereza Cristina Bomfim de Jesus Deir\u00f3<\/td>\n<\/tr>\n<tr>\n<td valign=\"top\" width=\"331\">c) Secret\u00e1rio (a) Geral<\/td>\n<td valign=\"top\" width=\"293\">Inalba Cristina Silva Fontenelle<\/td>\n<\/tr>\n<tr>\n<td valign=\"top\" width=\"331\">d) 1\u00ba Secret\u00e1rio (a)<\/td>\n<td valign=\"top\" width=\"293\">Juc\u00e9lia Fernandes dos Santos<\/td>\n<\/tr>\n<tr>\n<td valign=\"top\" width=\"331\">e) Tesoureiro (a) Geral<\/td>\n<td valign=\"top\" width=\"293\">Ivanilda Brito<\/td>\n<\/tr>\n<tr>\n<td valign=\"top\" width=\"331\">f) 1\u00ba Tesoureiro (a)<\/td>\n<td valign=\"top\" width=\"293\">Sandra Cardoso de Carvalho<\/td>\n<\/tr>\n<tr>\n<td valign=\"top\" width=\"331\">g) Diretor Administrativo e de Patrim\u00f4nio<\/td>\n<td valign=\"top\" width=\"293\">Dijalma Rossi<\/td>\n<\/tr>\n<tr>\n<td valign=\"top\" width=\"331\">h) Diretor de Imprensa e Comunica\u00e7\u00e3o<\/td>\n<td valign=\"top\" width=\"293\">Maria Aladilce de Souza<\/td>\n<\/tr>\n<tr>\n<td valign=\"top\" width=\"331\">i) Diretor de Forma\u00e7\u00e3o e Rela\u00e7\u00f5es Intersindicais<\/td>\n<td valign=\"top\" width=\"293\">Maria Solemar Rodrigues Nascimento<\/td>\n<\/tr>\n<tr>\n<td valign=\"top\" width=\"331\">j) Diretor de Assuntos Jur\u00eddicos<\/td>\n<td valign=\"top\" width=\"293\">Laura Almeida<\/td>\n<\/tr>\n<tr>\n<td valign=\"top\" width=\"331\">k) Diretor de Sa\u00fade do Trab. e Assuntos do Ap\u00f3s.<\/td>\n<td valign=\"top\" width=\"293\">Jorge da Silva<\/td>\n<\/tr>\n<tr>\n<td valign=\"top\" width=\"331\">l) Diretor de Assuntos da Mulher<\/td>\n<td valign=\"top\" width=\"293\">Natal\u00edcia Santos da Silva<\/td>\n<\/tr>\n<tr>\n<td valign=\"top\" width=\"331\">m) Diretor Cultura, Esporte e Social<\/td>\n<td valign=\"top\" width=\"293\">Edson Leitte<\/td>\n<\/tr>\n<tr>\n<td valign=\"top\" width=\"331\">n)\u00a0\u00a0Diretor de Assuntos do Interior I<\/td>\n<td valign=\"top\" width=\"293\">Mariene Exalta\u00e7\u00e3o Ribeiro<\/td>\n<\/tr>\n<tr>\n<td valign=\"top\" width=\"331\">o) Diretor de Assuntos do Interior II<\/td>\n<td valign=\"top\" width=\"293\">Reginaldo Ribeiro de Oliveira<\/td>\n<\/tr>\n<tr>\n<td valign=\"top\" width=\"331\">p) Diretor de Assuntos do Interior III<\/td>\n<td valign=\"top\" width=\"293\">Orleineide Alves Azevedo<\/td>\n<\/tr>\n<tr>\n<td valign=\"top\" width=\"331\">q) Diretor de Assuntos do Interior IV<\/td>\n<td valign=\"top\" width=\"293\">Maria Dolores da Silva Santos<\/td>\n<\/tr>\n<tr>\n<td valign=\"top\" width=\"331\">r)\u00a0\u00a0Diretor de Assuntos do Interior V<\/td>\n<td valign=\"top\" width=\"293\">Diala Silva de Magalh\u00e3es<\/td>\n<\/tr>\n<tr>\n<td valign=\"top\" width=\"331\">Diretor Suplente<\/td>\n<td valign=\"top\" width=\"293\">Eli\u00e9zio Vit\u00f3ria Santos<\/td>\n<\/tr>\n<tr>\n<td valign=\"top\" width=\"331\">Diretor Suplente<\/td>\n<td valign=\"top\" width=\"293\">Maria Leonor Sales S. Carvalho<\/td>\n<\/tr>\n<tr>\n<td valign=\"top\" width=\"331\">Diretor Suplente<\/td>\n<td valign=\"top\" width=\"293\">Maria Luiza Cedraz<\/td>\n<\/tr>\n<tr>\n<td valign=\"top\" width=\"331\">Conselho Fiscal &#8211; Titular<\/td>\n<td valign=\"top\" width=\"293\">Jos\u00e9 Ubirat\u00e3 Silva<\/td>\n<\/tr>\n<tr>\n<td valign=\"top\" width=\"331\">Conselho Fiscal &#8211; Titular<\/td>\n<td valign=\"top\" width=\"293\">Maria Enedina Castro de Jesus<\/td>\n<\/tr>\n<tr>\n<td valign=\"top\" width=\"331\">Conselho Fiscal &#8211; Titular<\/td>\n<td valign=\"top\" width=\"293\">Maria de Lurdes Dourado<\/td>\n<\/tr>\n<tr>\n<td valign=\"top\" width=\"331\">Conselho Fiscal &#8211; Suplente<\/td>\n<td valign=\"top\" width=\"293\">Amarildo Carvalho Santos<\/td>\n<\/tr>\n<tr>\n<td valign=\"top\" width=\"331\">Conselho Fiscal &#8211; Suplente<\/td>\n<td valign=\"top\" width=\"293\">Ubiratan Moreira dos Santos<\/td>\n<\/tr>\n<tr>\n<td valign=\"top\" width=\"331\">Conselho Fiscal &#8211; Suplente<\/td>\n<td valign=\"top\" width=\"293\">Jo\u00e3o Batista Dias Cardoso<\/td>\n<\/tr>\n<\/tbody>\n<\/table>\n<p>&nbsp;<\/p>\n","protected":false},"excerpt":{"rendered":"<p>Chapa \u00fanica foi aprovada no IX Congresso da categoria &nbsp; &nbsp; Tendo \u00e0 frente o enfermeiro sanitarista e advogado S\u00edlvio Roberto dos Anjos e Silva, foi eleita no IX Congresso dos Trabalhadores em Sa\u00fade do Estado da Bahia, na tarde deste s\u00e1bado, a nova diretoria&#8230;<\/p>\n","protected":false},"author":2,"featured_media":4414,"comment_status":"open","ping_status":"open","sticky":false,"template":"","format":"standard","meta":[],"categories":[11,10],"tags":[],"amp_validity":null,"amp_enabled":true,"_links":{"self":[{"href":"https:\/\/sindsaudeba.org.br\/portal\/wp-json\/wp\/v2\/posts\/4413"}],"collection":[{"href":"https:\/\/sindsaudeba.org.br\/portal\/wp-json\/wp\/v2\/posts"}],"about":[{"href":"https:\/\/sindsaudeba.org.br\/portal\/wp-json\/wp\/v2\/types\/post"}],"author":[{"embeddable":true,"href":"https:\/\/sindsaudeba.org.br\/portal\/wp-json\/wp\/v2\/users\/2"}],"replies":[{"embeddable":true,"href":"https:\/\/sindsaudeba.org.br\/portal\/wp-json\/wp\/v2\/comments?post=4413"}],"version-history":[{"count":1,"href":"https:\/\/sindsaudeba.org.br\/portal\/wp-json\/wp\/v2\/posts\/4413\/revisions"}],"predecessor-version":[{"id":14154,"href":"https:\/\/sindsaudeba.org.br\/portal\/wp-json\/wp\/v2\/posts\/4413\/revisions\/14154"}],"wp:featuredmedia":[{"embeddable":true,"href":"https:\/\/sindsaudeba.org.br\/portal\/wp-json\/wp\/v2\/media\/4414"}],"wp:attachment":[{"href":"https:\/\/sindsaudeba.org.br\/portal\/wp-json\/wp\/v2\/media?parent=4413"}],"wp:term":[{"taxonomy":"category","embeddable":true,"href":"https:\/\/sindsaudeba.org.br\/portal\/wp-json\/wp\/v2\/categories?post=4413"},{"taxonomy":"post_tag","embeddable":true,"href":"https:\/\/sindsaudeba.org.br\/portal\/wp-json\/wp\/v2\/tags?post=4413"}],"curies":[{"name":"wp","href":"https:\/\/api.w.org\/{rel}","templated":true}]}}