{"id":4408,"date":"2014-12-13T17:57:26","date_gmt":"2014-12-13T20:57:26","guid":{"rendered":"http:\/\/www.sindsaudeba.org.br\/novo\/?p=4408"},"modified":"2019-12-13T17:53:40","modified_gmt":"2019-12-13T20:53:40","slug":"por-unanimidade-congresso-aprova-plano-de-lutas-da-saude-para-trienio-20152018","status":"publish","type":"post","link":"https:\/\/sindsaudeba.org.br\/portal\/blog\/por-unanimidade-congresso-aprova-plano-de-lutas-da-saude-para-trienio-20152018\/","title":{"rendered":"Por unanimidade, congresso aprova  Plano de Lutas da Sa\u00fade para tri\u00eanio 2015\/2018"},"content":{"rendered":"<div id=\"attachment_4410\" style=\"width: 310px\" class=\"wp-caption alignleft\"><a href=\"http:\/\/www.sindsaudeba.org.br\/novo\/wp-content\/uploads\/2014\/12\/DSC_0402-copy.jpg\"><img aria-describedby=\"caption-attachment-4410\" loading=\"lazy\" class=\"size-medium wp-image-4410\" title=\"DSC_0402 copy\" src=\"http:\/\/www.sindsaudeba.org.br\/novo\/wp-content\/uploads\/2014\/12\/DSC_0402-copy-300x200.jpg\" alt=\"\" width=\"300\" height=\"200\" \/><\/a><p id=\"caption-attachment-4410\" class=\"wp-caption-text\">Foto: Carlos Am\u00e9rico Barros<\/p><\/div><br \/>\nNo segundo dia do IX Congresso dos Trabalhadores da Sa\u00fade do Estado da Bahia, realizado neste s\u00e1bado (13), a diretoria do Sindsa\u00fade apresentou para os delegados e convidados do evento o Plano de Lutas da categoria para o tri\u00eanio 2015\/2018.\u00a0 O documento foi aprovado por unanimidade, na \u00edntegra, com a inclus\u00e3o de 10 emendas sugeridas e aprovadas pelos servidores da Sa\u00fade.<br \/>\nA plen\u00e1ria foi dividida em duas etapas. Na primeira, a presidente do Sindsa\u00fade, Inalba Fontenelle, apresentou um balan\u00e7o das lutas ocorridas durante a sua gest\u00e3o, com os principais avan\u00e7os conquistados pela categoria. A vice-presidente, Tereza Deir\u00f3, leu o Plano de Lutas, que inclui a pauta geral dos servidores p\u00fablicos, como o fim do fator previdenci\u00e1rio e a amplia\u00e7\u00e3o de recursos para o SUS, e a espec\u00edficas da Sa\u00fade, como a melhoria das condi\u00e7\u00f5es de trabalho e assist\u00eancia \u00e0 popula\u00e7\u00e3o, fortalecimento da carreira e melhoria da remunera\u00e7\u00e3o e pagamento da URV.\u00a0\u00a0 O texto do novo Plano de Lutas ser\u00e1 publicado com as altera\u00e7\u00f5es nos pr\u00f3ximos dias.<br \/>\n&nbsp;<\/p>\n","protected":false},"excerpt":{"rendered":"<p>No segundo dia do IX Congresso dos Trabalhadores da Sa\u00fade do Estado da Bahia, realizado neste s\u00e1bado (13), a diretoria do Sindsa\u00fade apresentou para os delegados e convidados do evento o Plano de Lutas da categoria para o tri\u00eanio 2015\/2018.\u00a0 O documento foi aprovado por&#8230;<\/p>\n","protected":false},"author":2,"featured_media":4409,"comment_status":"open","ping_status":"open","sticky":false,"template":"","format":"standard","meta":[],"categories":[11],"tags":[],"amp_validity":null,"amp_enabled":true,"_links":{"self":[{"href":"https:\/\/sindsaudeba.org.br\/portal\/wp-json\/wp\/v2\/posts\/4408"}],"collection":[{"href":"https:\/\/sindsaudeba.org.br\/portal\/wp-json\/wp\/v2\/posts"}],"about":[{"href":"https:\/\/sindsaudeba.org.br\/portal\/wp-json\/wp\/v2\/types\/post"}],"author":[{"embeddable":true,"href":"https:\/\/sindsaudeba.org.br\/portal\/wp-json\/wp\/v2\/users\/2"}],"replies":[{"embeddable":true,"href":"https:\/\/sindsaudeba.org.br\/portal\/wp-json\/wp\/v2\/comments?post=4408"}],"version-history":[{"count":1,"href":"https:\/\/sindsaudeba.org.br\/portal\/wp-json\/wp\/v2\/posts\/4408\/revisions"}],"predecessor-version":[{"id":14155,"href":"https:\/\/sindsaudeba.org.br\/portal\/wp-json\/wp\/v2\/posts\/4408\/revisions\/14155"}],"wp:featuredmedia":[{"embeddable":true,"href":"https:\/\/sindsaudeba.org.br\/portal\/wp-json\/wp\/v2\/media\/4409"}],"wp:attachment":[{"href":"https:\/\/sindsaudeba.org.br\/portal\/wp-json\/wp\/v2\/media?parent=4408"}],"wp:term":[{"taxonomy":"category","embeddable":true,"href":"https:\/\/sindsaudeba.org.br\/portal\/wp-json\/wp\/v2\/categories?post=4408"},{"taxonomy":"post_tag","embeddable":true,"href":"https:\/\/sindsaudeba.org.br\/portal\/wp-json\/wp\/v2\/tags?post=4408"}],"curies":[{"name":"wp","href":"https:\/\/api.w.org\/{rel}","templated":true}]}}