{"id":4403,"date":"2014-12-13T11:49:55","date_gmt":"2014-12-13T14:49:55","guid":{"rendered":"http:\/\/www.sindsaudeba.org.br\/novo\/?p=4403"},"modified":"2019-12-13T17:53:40","modified_gmt":"2019-12-13T20:53:40","slug":"calculos-da-urv-em-analise-pela-justica","status":"publish","type":"post","link":"https:\/\/sindsaudeba.org.br\/portal\/blog\/calculos-da-urv-em-analise-pela-justica\/","title":{"rendered":"C\u00e1lculos da URV em an\u00e1lise pela Justi\u00e7a"},"content":{"rendered":"<p align=\"center\"><em>Assessor jur\u00eddico Gilvan Assump\u00e7\u00e3o ressaltou a import\u00e2ncia da mobiliza\u00e7\u00e3o para o sucesso da luta<\/em><\/p>\n<p>&nbsp;<br \/>\n<div id=\"attachment_4404\" style=\"width: 310px\" class=\"wp-caption alignleft\"><a href=\"http:\/\/www.sindsaudeba.org.br\/novo\/wp-content\/uploads\/2014\/12\/unnamed-2.jpg\"><img aria-describedby=\"caption-attachment-4404\" loading=\"lazy\" class=\"size-medium wp-image-4404\" title=\"unnamed (2)\" src=\"http:\/\/www.sindsaudeba.org.br\/novo\/wp-content\/uploads\/2014\/12\/unnamed-2-300x200.jpg\" alt=\"\" width=\"300\" height=\"200\" \/><\/a><p id=\"caption-attachment-4404\" class=\"wp-caption-text\">Foto; Carlos Am\u00e9rico Barros<\/p><\/div>\n<div>\n<p style=\"text-align: justify\">No encerramento das atividades do primeiro dia do IX Congresso, o assessor jur\u00eddico do Sindsa\u00fade, Gilvan Assump\u00e7\u00e3o, chamou aten\u00e7\u00e3o para a import\u00e2ncia da categoria manter a mobiliza\u00e7\u00e3o at\u00e9 o final da a\u00e7\u00e3o judicial que j\u00e1 dura 10 anos pelo pagamento da URV. Como exemplo, citou o peso da presen\u00e7a dos servidores durante os tr\u00eas julgamentos ocorridos no Tribunal de Justi\u00e7a, \u201co que com certeza ajudou a sensibilizar os desembargadores e culminou com a decis\u00e3o favor\u00e1vel aos trabalhadores, por unanimidade\u201d.<\/p>\n<p style=\"text-align: justify\">Sobre o est\u00e1gio atual do processo, o advogado informou que a Justi\u00e7a est\u00e1 analisando os c\u00e1lculos dos valores devidos, confrontando o levantamento real feito por escrit\u00f3rio especializado, contratado pelo Sindsa\u00fade, com o valor irris\u00f3rio apresentado pelo Estado.<\/p>\n<p style=\"text-align: justify\">Gilvan Assump\u00e7\u00e3o, segundo destacou a presidente do sindicato, Inalba Fontenelle, foi o primeiro advogado no Brasil a conseguir garantir o direito \u00e0 URV dos servidores sem a necessidade de recorrer ao Supremo Tribunal Federal.<\/p>\n<\/div>\n","protected":false},"excerpt":{"rendered":"<p>Assessor jur\u00eddico Gilvan Assump\u00e7\u00e3o ressaltou a import\u00e2ncia da mobiliza\u00e7\u00e3o para o sucesso da luta &nbsp; No encerramento das atividades do primeiro dia do IX Congresso, o assessor jur\u00eddico do Sindsa\u00fade, Gilvan Assump\u00e7\u00e3o, chamou aten\u00e7\u00e3o para a import\u00e2ncia da categoria manter a mobiliza\u00e7\u00e3o at\u00e9 o final&#8230;<\/p>\n","protected":false},"author":2,"featured_media":4404,"comment_status":"open","ping_status":"open","sticky":false,"template":"","format":"standard","meta":[],"categories":[11],"tags":[],"amp_validity":null,"amp_enabled":true,"_links":{"self":[{"href":"https:\/\/sindsaudeba.org.br\/portal\/wp-json\/wp\/v2\/posts\/4403"}],"collection":[{"href":"https:\/\/sindsaudeba.org.br\/portal\/wp-json\/wp\/v2\/posts"}],"about":[{"href":"https:\/\/sindsaudeba.org.br\/portal\/wp-json\/wp\/v2\/types\/post"}],"author":[{"embeddable":true,"href":"https:\/\/sindsaudeba.org.br\/portal\/wp-json\/wp\/v2\/users\/2"}],"replies":[{"embeddable":true,"href":"https:\/\/sindsaudeba.org.br\/portal\/wp-json\/wp\/v2\/comments?post=4403"}],"version-history":[{"count":1,"href":"https:\/\/sindsaudeba.org.br\/portal\/wp-json\/wp\/v2\/posts\/4403\/revisions"}],"predecessor-version":[{"id":14156,"href":"https:\/\/sindsaudeba.org.br\/portal\/wp-json\/wp\/v2\/posts\/4403\/revisions\/14156"}],"wp:featuredmedia":[{"embeddable":true,"href":"https:\/\/sindsaudeba.org.br\/portal\/wp-json\/wp\/v2\/media\/4404"}],"wp:attachment":[{"href":"https:\/\/sindsaudeba.org.br\/portal\/wp-json\/wp\/v2\/media?parent=4403"}],"wp:term":[{"taxonomy":"category","embeddable":true,"href":"https:\/\/sindsaudeba.org.br\/portal\/wp-json\/wp\/v2\/categories?post=4403"},{"taxonomy":"post_tag","embeddable":true,"href":"https:\/\/sindsaudeba.org.br\/portal\/wp-json\/wp\/v2\/tags?post=4403"}],"curies":[{"name":"wp","href":"https:\/\/api.w.org\/{rel}","templated":true}]}}