{"id":4398,"date":"2014-12-13T11:32:26","date_gmt":"2014-12-13T14:32:26","guid":{"rendered":"http:\/\/www.sindsaudeba.org.br\/novo\/?p=4398"},"modified":"2019-12-13T17:53:40","modified_gmt":"2019-12-13T20:53:40","slug":"o-sindicalismo-na-atualidade-e-os-desafios-do-sindsaude","status":"publish","type":"post","link":"https:\/\/sindsaudeba.org.br\/portal\/blog\/o-sindicalismo-na-atualidade-e-os-desafios-do-sindsaude\/","title":{"rendered":"O sindicalismo na atualidade e os desafios do Sindsa\u00fade"},"content":{"rendered":"<p align=\"center\"><em>A luta contra a perda de direitos trabalhistas estar\u00e1 na ordem<\/em><\/p>\n<p align=\"center\"><em>do dia em 2015<\/em><\/p>\n<p>&nbsp;<\/p>\n<p style=\"text-align: justify\">Ao abrir a mesa redonda \u201cO sindicalismo na atualidade e os desafios do Sindsa\u00fade\u201d, no turno da tarde do primeiro dia do IX Congresso, a presidente Inalba Fontenelle chamou aten\u00e7\u00e3o para a amea\u00e7a de perda de direitos trabalhistas no Brasil, por conta da redu\u00e7\u00e3o da bancada representante da classe trabalhadora no Congresso Nacional. \u201cUm grupo que n\u00e3o aceitou a derrota nas urnas quer impor aos trabalhadores um retrocesso em termos de direitos adquiridos\u201d, alertou.<\/p>\n<p style=\"text-align: justify\">Diante desse panorama, Inalba est\u00e1 convencida de que em 2015 o Sindsa\u00fade ter\u00e1 que enfrentar, al\u00e9m da pauta do dia-a-dia da categoria, como o pagamento da URV, melhorias na GID, atendimento do Planserv e retorno dos t\u00e9cnico-administrativos ao PCCV, a resist\u00eancia em lutas maiores do conjunto dos trabalhadores contra a redu\u00e7\u00e3o de direitos.<\/p>\n<p style=\"text-align: justify\">O risco foi confirmado pela coordenadora do Dieese, Ana Georgina Dias, palestrante da mesa: \u201cO Congresso eleito em 2014 est\u00e1 sendo considerado o mais conservador desde 1964\u201d. Com isso, observou, toda a aten\u00e7\u00e3o da categoria dever\u00e1 estar voltada para as vota\u00e7\u00f5es de mat\u00e9rias do interesse dos trabalhadores em geral, particularmente dos da \u00e1rea da Sa\u00fade.<\/p>\n<p style=\"text-align: justify\"><strong>Desculpas<\/strong><\/p>\n<p style=\"text-align: justify\">Entre as \u201cdesculpas\u201d para a tentativa de redu\u00e7\u00e3o dos direitos, ironicamente, est\u00e1 um fato positivo e de alguma forma relacionado \u00e0 implanta\u00e7\u00e3o do SUS: o crescimento da expectativa de vida dos brasileiros. Segundo Ana Georgina, j\u00e1 h\u00e1 quem defenda as teses, por exemplo, do aumento da idade m\u00ednima para aposentadoria e da redu\u00e7\u00e3o de adicionais por tempo de servi\u00e7o.<\/p>\n<p style=\"text-align: justify\">A coordenadora do Dieese se disse orgulhosa de participar da hist\u00f3ria de lutas do Sindsa\u00fade, entidade \u00e0 qual presta assessoria t\u00e9cnica h\u00e1 oito anos. Ela ressaltou a complexidade da atua\u00e7\u00e3o sindical no servi\u00e7o p\u00fablico, pela falta de um marco regulat\u00f3rio das rela\u00e7\u00f5es trabalhistas: \u201cOs servidores ainda n\u00e3o t\u00eam direito sequer a negocia\u00e7\u00e3o coletiva, com mediadores definidos, o que facilita o processo de reivindica\u00e7\u00e3o\u201d.<\/p>\n<p style=\"text-align: justify\">Ana Georgina fez uma reflex\u00e3o sobre a import\u00e2ncia do SUS, considerado o melhor modelo de sa\u00fade p\u00fablica, copiado por outros pa\u00edses e detentor do maior or\u00e7amento, com cobertura superior a 70% da popula\u00e7\u00e3o, incluindo transplantes e o SAMU. Mas, apesar de todo esse lado positivo, continua sendo \u201cdemonizado\u201d. Um reflexo, segundo a economista, de que \u201cas pessoas continuam com a ideia equivocada de que tudo que \u00e9 p\u00fablico \u00e9 para pobre e por isso n\u00e3o precisa ser bom\u201d.<\/p>\n<p style=\"text-align: justify\"><strong>Dires<\/strong><\/p>\n<p style=\"text-align: justify\">Muitos servidores, sobretudo das delega\u00e7\u00f5es do interior do estado, questionaram sobre os impactos da reforma administrativa recentemente aprovada pela Assembleia Legislativa, atendendo ao projeto pol\u00edtico do governador eleito Rui Costa. Entre outras coisas, substitui as Diretorias Regionais de Sa\u00fade (Dires) por N\u00facleos Regionais de Sa\u00fade (NRS).<\/p>\n<p style=\"text-align: justify\">Inalba Fontenelle informou que tem buscado a Sesab para esclarecer as d\u00favidas sobre a nova estrutura, mas que permanece \u201cuma grande interroga\u00e7\u00e3o\u201d. Entre os pontos que precisam ser explicados, segundo a presidente do Sindsa\u00fade, est\u00e1 a quantidade de N\u00facleos e se eles continuar\u00e3o sendo p\u00fablicos. \u201cA lei ser\u00e1 regulamentada por decreto e vamos estar atentos para que n\u00e3o haja retrocesso em nenhum dos direitos trabalhistas dos profissionais ligados \u00e0s Dires. N\u00e3o aceitaremos transfer\u00eancia de trabalhadores das Dires com o argumento de fortalecer a municipaliza\u00e7\u00e3o\u201d, afirmou.<a href=\"http:\/\/www.sindsaudeba.org.br\/novo\/wp-content\/uploads\/2014\/12\/DSC_0097.jpg\"><img loading=\"lazy\" class=\"alignleft size-medium wp-image-4400\" title=\"DSC_0097\" src=\"http:\/\/www.sindsaudeba.org.br\/novo\/wp-content\/uploads\/2014\/12\/DSC_0097-300x200.jpg\" alt=\"\" width=\"300\" height=\"200\" \/><\/a><\/p>\n<p style=\"text-align: justify\">Fotos: Carlos Am\u00e9rico Barros<\/p>\n","protected":false},"excerpt":{"rendered":"<p>A luta contra a perda de direitos trabalhistas estar\u00e1 na ordem do dia em 2015 &nbsp; Ao abrir a mesa redonda \u201cO sindicalismo na atualidade e os desafios do Sindsa\u00fade\u201d, no turno da tarde do primeiro dia do IX Congresso, a presidente Inalba Fontenelle chamou&#8230;<\/p>\n","protected":false},"author":2,"featured_media":4400,"comment_status":"open","ping_status":"open","sticky":false,"template":"","format":"standard","meta":[],"categories":[11],"tags":[],"amp_validity":null,"amp_enabled":true,"_links":{"self":[{"href":"https:\/\/sindsaudeba.org.br\/portal\/wp-json\/wp\/v2\/posts\/4398"}],"collection":[{"href":"https:\/\/sindsaudeba.org.br\/portal\/wp-json\/wp\/v2\/posts"}],"about":[{"href":"https:\/\/sindsaudeba.org.br\/portal\/wp-json\/wp\/v2\/types\/post"}],"author":[{"embeddable":true,"href":"https:\/\/sindsaudeba.org.br\/portal\/wp-json\/wp\/v2\/users\/2"}],"replies":[{"embeddable":true,"href":"https:\/\/sindsaudeba.org.br\/portal\/wp-json\/wp\/v2\/comments?post=4398"}],"version-history":[{"count":1,"href":"https:\/\/sindsaudeba.org.br\/portal\/wp-json\/wp\/v2\/posts\/4398\/revisions"}],"predecessor-version":[{"id":14157,"href":"https:\/\/sindsaudeba.org.br\/portal\/wp-json\/wp\/v2\/posts\/4398\/revisions\/14157"}],"wp:featuredmedia":[{"embeddable":true,"href":"https:\/\/sindsaudeba.org.br\/portal\/wp-json\/wp\/v2\/media\/4400"}],"wp:attachment":[{"href":"https:\/\/sindsaudeba.org.br\/portal\/wp-json\/wp\/v2\/media?parent=4398"}],"wp:term":[{"taxonomy":"category","embeddable":true,"href":"https:\/\/sindsaudeba.org.br\/portal\/wp-json\/wp\/v2\/categories?post=4398"},{"taxonomy":"post_tag","embeddable":true,"href":"https:\/\/sindsaudeba.org.br\/portal\/wp-json\/wp\/v2\/tags?post=4398"}],"curies":[{"name":"wp","href":"https:\/\/api.w.org\/{rel}","templated":true}]}}