{"id":4393,"date":"2014-12-13T09:05:02","date_gmt":"2014-12-13T12:05:02","guid":{"rendered":"http:\/\/www.sindsaudeba.org.br\/novo\/?p=4393"},"modified":"2019-12-13T17:53:40","modified_gmt":"2019-12-13T20:53:40","slug":"mesa-debate-situacao-dos-trabalhadores-e-usuarios-do-sus","status":"publish","type":"post","link":"https:\/\/sindsaudeba.org.br\/portal\/blog\/mesa-debate-situacao-dos-trabalhadores-e-usuarios-do-sus\/","title":{"rendered":"Mesa debate situa\u00e7\u00e3o dos trabalhadores e usu\u00e1rios do SUS"},"content":{"rendered":"<div id=\"attachment_4395\" style=\"width: 310px\" class=\"wp-caption alignleft\"><a href=\"http:\/\/www.sindsaudeba.org.br\/novo\/wp-content\/uploads\/2014\/12\/mesa-SUS2.jpg\"><img aria-describedby=\"caption-attachment-4395\" loading=\"lazy\" class=\"size-medium wp-image-4395\" title=\"mesa SUS2\" src=\"http:\/\/www.sindsaudeba.org.br\/novo\/wp-content\/uploads\/2014\/12\/mesa-SUS2-300x200.jpg\" alt=\"\" width=\"300\" height=\"200\" \/><\/a><p id=\"caption-attachment-4395\" class=\"wp-caption-text\">Foto: Carlos Am\u00e9rico Barros<\/p><\/div><br \/>\n\u201cMomento atual do SUS: a situa\u00e7\u00e3o dos trabalhadores e a garantia da aten\u00e7\u00e3o ao usu\u00e1rio\u201d foi o tema da primeira Mesa Redonda apresentada durante o IX Congresso dos Trabalhadores em Sa\u00fade do Estado da Bahia. Mediada pela diretora do Sindsa\u00fade e vereadora Aladilce Souza, a mesa foi aberta com a apresenta\u00e7\u00e3o da professora da Escola de Enfermagem da Universidade Federal da Bahia (EEUFBA) e vice-presidente da Associa\u00e7\u00e3o dos Professores Universit\u00e1rios do Estado da Bahia (APUB), L\u00edvia Angeli, que fez um panorama sobre os avan\u00e7os do SUS, desde a sua cria\u00e7\u00e3o at\u00e9 os dias de hoje e os principais desafios do sistema.<br \/>\n\u201cEm pouco mais de 25 anos de exist\u00eancia do SUS temos que reconhecer que tivemos avan\u00e7os, fruto do processo de luta dos trabalhadores e do povo brasileiro. Apesar disso, o SUS que temos hoje ainda n\u00e3o \u00e9 o SUS que o movimento de reforma sanit\u00e1ria defendeu desde os anos 70 e 80. A gente ainda tem muito o que avan\u00e7ar\u201d, afirmou.<br \/>\nEntre os avan\u00e7os proporcionados pelo SUS est\u00e1 a conquista da universalidade da assist\u00eancia \u00e0 sa\u00fade, presente em todos os munic\u00edpios do Brasil, a descentraliza\u00e7\u00e3o das a\u00e7\u00f5es, a amplia\u00e7\u00e3o do mercado de trabalho para os profissionais da Sa\u00fade e o aumento da participa\u00e7\u00e3o dos espa\u00e7os de controle social, com a participa\u00e7\u00e3o popular. Ela ressaltou, entretanto, que apesar dos avan\u00e7os, as a\u00e7\u00f5es dos SUS ainda n\u00e3o s\u00e3o iguais em todos os lugares do pa\u00eds. Outro ponto negativo foi o aumento dos v\u00ednculos prec\u00e1rios de trabalho com \u00a0a expans\u00e3o das terceiriza\u00e7\u00f5es.<br \/>\nO diretor do Sindsa\u00fade e membro do Conselho Estadual de Sa\u00fade, S\u00edlvio Roberto dos Anjos e Silva, iniciou sua apresenta\u00e7\u00e3o falando sobre as den\u00fancias e reivindica\u00e7\u00f5es dos trabalhadores da Sa\u00fade do interior em rela\u00e7\u00e3o ao tratamento dado pelo Planserv. \u201cN\u00e3o podemos continuar permitindo o descaso com os trabalhadores do interior, que precisam se deslocar muitos quil\u00f4metros de dist\u00e2ncia para conseguir atendimento. O Planserv n\u00e3o pode se queixar de falta de recurso, porque o desconto \u00e9 feito no contracheque do trabalhador\u201d, denunciou.<br \/>\nEm sua apresenta\u00e7\u00e3o, S\u00edlvio fez um balan\u00e7o de alguns dos compromissos da Sesab com o SUS, como o fortalecimento da aten\u00e7\u00e3o b\u00e1sica. Para ele, apesar dos avan\u00e7os no setor, o governo tem priorizado maiores investimentos na assist\u00eancia de m\u00e9dia e alta complexidade, contemplando empresas privadas e Organiza\u00e7\u00f5es Sociais que gerenciam diversas unidades hospitalares, atrav\u00e9s dos processos de privatiza\u00e7\u00e3o e terceiriza\u00e7\u00e3o, que v\u00eam sendo combatidos arduamente pelo Sindsa\u00fade.<br \/>\nMembro do F\u00f3rum Interreligioso de Sa\u00fade e ex-conselheiro municipal da Sa\u00fade, padre Jorge Brito elogiou o modelo do SUS e falou sobre os problemas enfrentados pelos trabalhadores da Sa\u00fade e usu\u00e1rios do sistema, por conta da falta de compromisso dos governantes. \u201cO SUS n\u00e3o \u00e9 o problema, mas existem v\u00e1rios problemas dentro dele. S\u00e3o problemas hist\u00f3ricos, capitalistas e tamb\u00e9m de desinteresse p\u00fablico, porque as coisas s\u00f3 acontecem quando existe boa vontade para se fazer cumprir o que \u00e9 direito do trabalhador e do usu\u00e1rio\u201d, afirmou.<br \/>\n\u201cO SUS \u00e9 um plano de sa\u00fade p\u00fablico perfeito. Digo isso porque recebo diversas den\u00fancias de v\u00e1rios hospitais privados. Vejo muitos usu\u00e1rios entrando nessas unidades com planos de sa\u00fade e l\u00e1 dentro, quando a situa\u00e7\u00e3o se complica, s\u00e3o migrados para o SUS porque muitos planos abandonam seus clientes nas horas que mais precisam \u201d, complementa.<br \/>\nPadre Jorge Brito fez duras cr\u00edticas \u00e0 pol\u00edtica de privatiza\u00e7\u00e3o implantada pela Sesab. Para o religioso, as parcerias p\u00fablico-privada atendem apenas o interesse do capital privado. Os hospitais que atendem sob esse modelo querem apenas mostrar servi\u00e7o e qualidade, para continuar sendo beneficiados pelo contrato.<br \/>\nO padre lembrou de um epis\u00f3dio ocorrido h\u00e1 dois anos, quando foi agredido por policiais militares ao tentar atendimento para uma paciente que sofria de press\u00e3o alta e foi recusada pelo Hospital do Sub\u00farbio. \u201cO hospital n\u00e3o acolheu a paciente com a desculpa de que os leitos do Pronto Atendimento estavam completos. \u00c9 muito f\u00e1cil ganhar t\u00edtulo internacional de qualidade rejeitando paciente. Hospital \u00e9 o Roberto Santos e o HGE. Eles podem estar lotados como for, mas quem chega n\u00e3o sai sem ser atendido\u201d, denunciou.<br \/>\n&nbsp;<\/p>\n","protected":false},"excerpt":{"rendered":"<p>\u201cMomento atual do SUS: a situa\u00e7\u00e3o dos trabalhadores e a garantia da aten\u00e7\u00e3o ao usu\u00e1rio\u201d foi o tema da primeira Mesa Redonda apresentada durante o IX Congresso dos Trabalhadores em Sa\u00fade do Estado da Bahia. Mediada pela diretora do Sindsa\u00fade e vereadora Aladilce Souza, a&#8230;<\/p>\n","protected":false},"author":2,"featured_media":4394,"comment_status":"open","ping_status":"open","sticky":false,"template":"","format":"standard","meta":[],"categories":[11],"tags":[],"amp_validity":null,"amp_enabled":true,"_links":{"self":[{"href":"https:\/\/sindsaudeba.org.br\/portal\/wp-json\/wp\/v2\/posts\/4393"}],"collection":[{"href":"https:\/\/sindsaudeba.org.br\/portal\/wp-json\/wp\/v2\/posts"}],"about":[{"href":"https:\/\/sindsaudeba.org.br\/portal\/wp-json\/wp\/v2\/types\/post"}],"author":[{"embeddable":true,"href":"https:\/\/sindsaudeba.org.br\/portal\/wp-json\/wp\/v2\/users\/2"}],"replies":[{"embeddable":true,"href":"https:\/\/sindsaudeba.org.br\/portal\/wp-json\/wp\/v2\/comments?post=4393"}],"version-history":[{"count":1,"href":"https:\/\/sindsaudeba.org.br\/portal\/wp-json\/wp\/v2\/posts\/4393\/revisions"}],"predecessor-version":[{"id":14158,"href":"https:\/\/sindsaudeba.org.br\/portal\/wp-json\/wp\/v2\/posts\/4393\/revisions\/14158"}],"wp:featuredmedia":[{"embeddable":true,"href":"https:\/\/sindsaudeba.org.br\/portal\/wp-json\/wp\/v2\/media\/4394"}],"wp:attachment":[{"href":"https:\/\/sindsaudeba.org.br\/portal\/wp-json\/wp\/v2\/media?parent=4393"}],"wp:term":[{"taxonomy":"category","embeddable":true,"href":"https:\/\/sindsaudeba.org.br\/portal\/wp-json\/wp\/v2\/categories?post=4393"},{"taxonomy":"post_tag","embeddable":true,"href":"https:\/\/sindsaudeba.org.br\/portal\/wp-json\/wp\/v2\/tags?post=4393"}],"curies":[{"name":"wp","href":"https:\/\/api.w.org\/{rel}","templated":true}]}}