{"id":4387,"date":"2014-12-12T14:31:56","date_gmt":"2014-12-12T17:31:56","guid":{"rendered":"http:\/\/www.sindsaudeba.org.br\/novo\/?p=4387"},"modified":"2019-12-13T17:53:40","modified_gmt":"2019-12-13T20:53:40","slug":"defesa-do-sus-foi-a-tonica-da-abertura-do-ix-congresso-dos-trabalhadores-da-saude","status":"publish","type":"post","link":"https:\/\/sindsaudeba.org.br\/portal\/blog\/defesa-do-sus-foi-a-tonica-da-abertura-do-ix-congresso-dos-trabalhadores-da-saude\/","title":{"rendered":"Defesa do SUS foi a t\u00f4nica da abertura do IX Congresso dos Trabalhadores da Sa\u00fade"},"content":{"rendered":"<div id=\"attachment_4389\" style=\"width: 310px\" class=\"wp-caption alignleft\"><a href=\"http:\/\/www.sindsaudeba.org.br\/novo\/wp-content\/uploads\/2014\/12\/plat\u00e9ia.jpg\"><img aria-describedby=\"caption-attachment-4389\" loading=\"lazy\" class=\"size-medium wp-image-4389\" title=\"plat\u00e9ia\" src=\"http:\/\/www.sindsaudeba.org.br\/novo\/wp-content\/uploads\/2014\/12\/plat\u00e9ia-300x200.jpg\" alt=\"\" width=\"300\" height=\"200\" \/><\/a><p id=\"caption-attachment-4389\" class=\"wp-caption-text\">Foto: Carlos Am\u00e9rico Barros<\/p><\/div><br \/>\nNa solenidade de abertura do IX Congresso dos Trabalhadores em Sa\u00fade do Estado da Bahia, organizado pelo Sindsa\u00fade-Ba, os oradores foram un\u00e2nimes em defender o fortalecimento do SUS, o que passa pela destina\u00e7\u00e3o de 10% da receita bruta da Uni\u00e3o para a Sa\u00fade, assim como pela valoriza\u00e7\u00e3o da categoria. O evento foi aberto na manh\u00e3 desta sexta-feira (12) e segue at\u00e9 s\u00e1bado (13).<br \/>\nEmocionada, a presidente Inalba Fontenelle fez um balan\u00e7o dos tr\u00eas anos de gest\u00e3o, ressaltando as principais lutas do per\u00edodo, como a revis\u00e3o do PCCV e o pagamento da URV. Ela fez uma homenagem ao ex-presidente do Sindimed, Jos\u00e9 Caires, seu companheiro que faleceu em janeiro de 2012, lembrando que ele participou ativamente dos congressos anteriores: \u201cCaires n\u00e3o est\u00e1 presente fisicamente neste IX Congresso, mas foi a for\u00e7a dele que me fez chegar aqui\u201d.<br \/>\n&nbsp;<br \/>\n<strong>Elos da corrente<\/strong><br \/>\n&nbsp;<br \/>\nA mesa da solenidade foi formada com a deputada federal Alice Portugal (PCdoB), a vereadora de Salvador e diretora do Sindsa\u00fade Aladilce Souza (PCdoB), os presidentes da CTB\/Bahia \u2013 Aurino Pedreira, do Sindimed &#8211; Francisco Magalh\u00e3es, da Associa\u00e7\u00e3o dos Servidores P\u00fablicos da Bahia &#8211; Armando Campos, e do Sindicato dos Enfermeiros &#8211; L\u00facia Duque, a conselheira do Coren Bahia \u2013 Tatiane Rocha, e a coordenadora na Bahia da Uni\u00e3o Brasileira de Mulheres &#8211; Patr\u00edcia Vieira. Tomou parte da mesa, ainda, o padre Jos\u00e9 Jorge Brito de Souza, representante dos usu\u00e1rios dos servi\u00e7os p\u00fablicos de sa\u00fade.<br \/>\nAladilce Souza, primeira presidente do Sindsa\u00fade, fez uma r\u00e1pida retrospectiva dos 25 anos da entidade, hist\u00f3ria contada na revista lan\u00e7ada no Congresso para resgatar a trajet\u00f3ria de lutas da categoria. \u201cNossa luta tem que continuar, independentemente de quem esteja no governo. Precisamos de um Plano de Carreira que garanta promo\u00e7\u00e3o e progress\u00e3o a todos os trabalhadores da Sa\u00fade, porque todos nessa engrenagem s\u00e3o importantes, cada um dos elos dessa corrente\u201d, declarou.<br \/>\n&nbsp;<\/p>\n","protected":false},"excerpt":{"rendered":"<p>Na solenidade de abertura do IX Congresso dos Trabalhadores em Sa\u00fade do Estado da Bahia, organizado pelo Sindsa\u00fade-Ba, os oradores foram un\u00e2nimes em defender o fortalecimento do SUS, o que passa pela destina\u00e7\u00e3o de 10% da receita bruta da Uni\u00e3o para a Sa\u00fade, assim como&#8230;<\/p>\n","protected":false},"author":2,"featured_media":4388,"comment_status":"open","ping_status":"open","sticky":false,"template":"","format":"standard","meta":[],"categories":[11],"tags":[],"amp_validity":null,"amp_enabled":true,"_links":{"self":[{"href":"https:\/\/sindsaudeba.org.br\/portal\/wp-json\/wp\/v2\/posts\/4387"}],"collection":[{"href":"https:\/\/sindsaudeba.org.br\/portal\/wp-json\/wp\/v2\/posts"}],"about":[{"href":"https:\/\/sindsaudeba.org.br\/portal\/wp-json\/wp\/v2\/types\/post"}],"author":[{"embeddable":true,"href":"https:\/\/sindsaudeba.org.br\/portal\/wp-json\/wp\/v2\/users\/2"}],"replies":[{"embeddable":true,"href":"https:\/\/sindsaudeba.org.br\/portal\/wp-json\/wp\/v2\/comments?post=4387"}],"version-history":[{"count":1,"href":"https:\/\/sindsaudeba.org.br\/portal\/wp-json\/wp\/v2\/posts\/4387\/revisions"}],"predecessor-version":[{"id":14159,"href":"https:\/\/sindsaudeba.org.br\/portal\/wp-json\/wp\/v2\/posts\/4387\/revisions\/14159"}],"wp:featuredmedia":[{"embeddable":true,"href":"https:\/\/sindsaudeba.org.br\/portal\/wp-json\/wp\/v2\/media\/4388"}],"wp:attachment":[{"href":"https:\/\/sindsaudeba.org.br\/portal\/wp-json\/wp\/v2\/media?parent=4387"}],"wp:term":[{"taxonomy":"category","embeddable":true,"href":"https:\/\/sindsaudeba.org.br\/portal\/wp-json\/wp\/v2\/categories?post=4387"},{"taxonomy":"post_tag","embeddable":true,"href":"https:\/\/sindsaudeba.org.br\/portal\/wp-json\/wp\/v2\/tags?post=4387"}],"curies":[{"name":"wp","href":"https:\/\/api.w.org\/{rel}","templated":true}]}}