{"id":4382,"date":"2014-12-11T13:05:51","date_gmt":"2014-12-11T16:05:51","guid":{"rendered":"http:\/\/www.sindsaudeba.org.br\/novo\/?p=4382"},"modified":"2019-12-13T17:53:40","modified_gmt":"2019-12-13T20:53:40","slug":"sindsaude-manifesta-preocupacao-com-aprovacao-da-reforma-administrativa","status":"publish","type":"post","link":"https:\/\/sindsaudeba.org.br\/portal\/blog\/sindsaude-manifesta-preocupacao-com-aprovacao-da-reforma-administrativa\/","title":{"rendered":"Sindsa\u00fade manifesta preocupa\u00e7\u00e3o com aprova\u00e7\u00e3o da reforma administrativa"},"content":{"rendered":"<p align=\"center\"><em>Entidade quer que o Estado explique as raz\u00f5es para substitui\u00e7\u00e3o das Dires por NRS<\/em><\/p>\n<p style=\"text-align: justify\">Em meio a um clima de estranheza e preocupa\u00e7\u00e3o das entidades representativas do funcionalismo p\u00fablico estadual e dos servidores, diante da falta de esclarecimentos sobre a reforma administrativa apresentada pelo governador eleito Rui Costa (PT), o PL n\u00b0 21.007\/14 foi aprovado na noite de quarta-feira (10), na Assembleia Legislativa da Bahia (AL-BA). Os deputados da oposi\u00e7\u00e3o tentaram obstruir a sess\u00e3o, mas 33 parlamentares votaram a favor da proposta.<\/p>\n<p style=\"text-align: justify\">A diretoria do Sindsa\u00fade reafirma que vai acompanhar com aten\u00e7\u00e3o as mudan\u00e7as propostas na \u00e1rea da Sa\u00fade, para que os direitos dos trabalhadores sejam garantidos. Uma das principais preocupa\u00e7\u00f5es \u00e9 a respeito da extin\u00e7\u00e3o das Diretorias Regionais de Sa\u00fade (DIRES), que ser\u00e3o substitu\u00eddas pelos N\u00facleos Regionais de Sa\u00fade (NRS).<\/p>\n<p style=\"text-align: justify\">\u00a0A entidade quer esclarecimentos sobre como se dar\u00e1 essa mudan\u00e7a, j\u00e1 que o projeto n\u00e3o define se a quantidade de n\u00facleos que ser\u00e3o criados corresponder\u00e1 \u00e0s DIRES existentes no atual organograma, que \u00e9 de 31 em todo estado. Tamb\u00e9m n\u00e3o est\u00e1 claro como os n\u00facleos ser\u00e3o organizados e os mecanismos de trabalho em rede.<\/p>\n<p style=\"text-align: justify\">O Sindsa\u00fade vai propor que o assunto seja discutido no IX Congresso dos Trabalhadores da Sa\u00fade no Estado da Bahia, que acontecer\u00e1 nos dias 12 e 13 de dezembro em Salvador (Hotel Sol Bahia), para que a plen\u00e1ria se posicione.\u00a0<a href=\"http:\/\/www.sindsaudeba.org.br\/novo\/wp-content\/uploads\/2014\/12\/assembleia_vota\u00e7\u00e3o_ALBA1.jpg\"><img loading=\"lazy\" class=\"alignleft size-medium wp-image-4384\" title=\"assembleia_vota\u00e7\u00e3o_ALBA\" src=\"http:\/\/www.sindsaudeba.org.br\/novo\/wp-content\/uploads\/2014\/12\/assembleia_vota\u00e7\u00e3o_ALBA1-300x168.jpg\" alt=\"\" width=\"300\" height=\"168\" \/><\/a><\/p>\n","protected":false},"excerpt":{"rendered":"<p>Entidade quer que o Estado explique as raz\u00f5es para substitui\u00e7\u00e3o das Dires por NRS Em meio a um clima de estranheza e preocupa\u00e7\u00e3o das entidades representativas do funcionalismo p\u00fablico estadual e dos servidores, diante da falta de esclarecimentos sobre a reforma administrativa apresentada pelo governador&#8230;<\/p>\n","protected":false},"author":2,"featured_media":4383,"comment_status":"open","ping_status":"open","sticky":false,"template":"","format":"standard","meta":[],"categories":[11],"tags":[],"amp_validity":null,"amp_enabled":true,"_links":{"self":[{"href":"https:\/\/sindsaudeba.org.br\/portal\/wp-json\/wp\/v2\/posts\/4382"}],"collection":[{"href":"https:\/\/sindsaudeba.org.br\/portal\/wp-json\/wp\/v2\/posts"}],"about":[{"href":"https:\/\/sindsaudeba.org.br\/portal\/wp-json\/wp\/v2\/types\/post"}],"author":[{"embeddable":true,"href":"https:\/\/sindsaudeba.org.br\/portal\/wp-json\/wp\/v2\/users\/2"}],"replies":[{"embeddable":true,"href":"https:\/\/sindsaudeba.org.br\/portal\/wp-json\/wp\/v2\/comments?post=4382"}],"version-history":[{"count":1,"href":"https:\/\/sindsaudeba.org.br\/portal\/wp-json\/wp\/v2\/posts\/4382\/revisions"}],"predecessor-version":[{"id":14160,"href":"https:\/\/sindsaudeba.org.br\/portal\/wp-json\/wp\/v2\/posts\/4382\/revisions\/14160"}],"wp:featuredmedia":[{"embeddable":true,"href":"https:\/\/sindsaudeba.org.br\/portal\/wp-json\/wp\/v2\/media\/4383"}],"wp:attachment":[{"href":"https:\/\/sindsaudeba.org.br\/portal\/wp-json\/wp\/v2\/media?parent=4382"}],"wp:term":[{"taxonomy":"category","embeddable":true,"href":"https:\/\/sindsaudeba.org.br\/portal\/wp-json\/wp\/v2\/categories?post=4382"},{"taxonomy":"post_tag","embeddable":true,"href":"https:\/\/sindsaudeba.org.br\/portal\/wp-json\/wp\/v2\/tags?post=4382"}],"curies":[{"name":"wp","href":"https:\/\/api.w.org\/{rel}","templated":true}]}}