{"id":23383,"date":"2026-03-13T10:26:44","date_gmt":"2026-03-13T13:26:44","guid":{"rendered":"https:\/\/sindsaudeba.org.br\/portal\/?p=23383"},"modified":"2026-03-13T10:26:44","modified_gmt":"2026-03-13T13:26:44","slug":"diretoras-do-sindsaude-discutem-fim-dos-plantoes-de-24h-no-hospital-cleriston-andrade","status":"publish","type":"post","link":"https:\/\/sindsaudeba.org.br\/portal\/blog\/diretoras-do-sindsaude-discutem-fim-dos-plantoes-de-24h-no-hospital-cleriston-andrade\/","title":{"rendered":"Diretoras do Sindsa\u00fade discutem fim dos plant\u00f5es de 24h no Hospital Cleriston Andrade"},"content":{"rendered":"<p>Nesta quinta-feira , 12 de mar\u00e7o de 2026 , Ana Carina Dunham e Dart Clair estiveram reunidas no hospital Cleriston Andrade em Feira de Santana, com a diretora geral Cristiana Fran\u00e7a e a diretora de enfermagem Tayse Moura . A pauta foi sobre a supress\u00e3o dos plant\u00f5es de 24 h nas escalas de trabalho. Justificaram que esta medida surge a partir do resultado de alguns estudos que apontaram falhas na assist\u00eancia prestada aos pacientes, em virtude desta condi\u00e7\u00e3o. Ponderamos que, apesar de consideramos pouco salubre jornadas de 24 h, consideramos que fatores de ordem econ\u00f4mica e social se sobrep\u00f5em e que, diante das queixas a n\u00f3s apresentadas, faz -se necess\u00e1rio um olhar mais generoso sobre excepcionalidades apresentadas por trabalhadores e trabalhadoras. Sugerimos que estabele\u00e7a uma avalia\u00e7\u00e3o e monitoramento desta nova medida a partir da escuta qualificada de representa\u00e7\u00e3o de trabalhadores por unidade de trabalho. Ap\u00f3s reuni\u00e3o, fomos em algumas unidades ouvir trabalhadores e trabalhadoras sobre suas impress\u00f5es e elaboraremos recomenda\u00e7\u00f5es al\u00e9m das j\u00e1 explanadas em reuni\u00e3o.<\/p>\n","protected":false},"excerpt":{"rendered":"<p>Nesta quinta-feira , 12 de mar\u00e7o de 2026 , Ana Carina Dunham e Dart Clair estiveram reunidas no hospital Cleriston Andrade em Feira de Santana, com a diretora geral Cristiana Fran\u00e7a e a diretora de enfermagem Tayse Moura . A pauta foi sobre a supress\u00e3o&#8230;<\/p>\n","protected":false},"author":2,"featured_media":23384,"comment_status":"open","ping_status":"open","sticky":false,"template":"","format":"standard","meta":[],"categories":[11,6],"tags":[],"amp_validity":null,"amp_enabled":true,"_links":{"self":[{"href":"https:\/\/sindsaudeba.org.br\/portal\/wp-json\/wp\/v2\/posts\/23383"}],"collection":[{"href":"https:\/\/sindsaudeba.org.br\/portal\/wp-json\/wp\/v2\/posts"}],"about":[{"href":"https:\/\/sindsaudeba.org.br\/portal\/wp-json\/wp\/v2\/types\/post"}],"author":[{"embeddable":true,"href":"https:\/\/sindsaudeba.org.br\/portal\/wp-json\/wp\/v2\/users\/2"}],"replies":[{"embeddable":true,"href":"https:\/\/sindsaudeba.org.br\/portal\/wp-json\/wp\/v2\/comments?post=23383"}],"version-history":[{"count":1,"href":"https:\/\/sindsaudeba.org.br\/portal\/wp-json\/wp\/v2\/posts\/23383\/revisions"}],"predecessor-version":[{"id":23385,"href":"https:\/\/sindsaudeba.org.br\/portal\/wp-json\/wp\/v2\/posts\/23383\/revisions\/23385"}],"wp:featuredmedia":[{"embeddable":true,"href":"https:\/\/sindsaudeba.org.br\/portal\/wp-json\/wp\/v2\/media\/23384"}],"wp:attachment":[{"href":"https:\/\/sindsaudeba.org.br\/portal\/wp-json\/wp\/v2\/media?parent=23383"}],"wp:term":[{"taxonomy":"category","embeddable":true,"href":"https:\/\/sindsaudeba.org.br\/portal\/wp-json\/wp\/v2\/categories?post=23383"},{"taxonomy":"post_tag","embeddable":true,"href":"https:\/\/sindsaudeba.org.br\/portal\/wp-json\/wp\/v2\/tags?post=23383"}],"curies":[{"name":"wp","href":"https:\/\/api.w.org\/{rel}","templated":true}]}}