{"id":22706,"date":"2025-08-13T19:51:23","date_gmt":"2025-08-13T22:51:23","guid":{"rendered":"https:\/\/sindsaudeba.org.br\/portal\/?p=22706"},"modified":"2025-08-13T20:02:37","modified_gmt":"2025-08-13T23:02:37","slug":"diretora-do-interior-do-sindsaudeba-dart-clair-visita-5-espacos-de-cuidado-a-saude-mental-em-feira-de-santana","status":"publish","type":"post","link":"https:\/\/sindsaudeba.org.br\/portal\/blog\/diretora-do-interior-do-sindsaudeba-dart-clair-visita-5-espacos-de-cuidado-a-saude-mental-em-feira-de-santana\/","title":{"rendered":"Diretora do interior do Sindsa\u00fadeBa, Dart Clair, visita 5 espa\u00e7os de cuidado \u00e0 sa\u00fade mental em Feira de Santana."},"content":{"rendered":"<p><img loading=\"lazy\" class=\"alignleft size-thumbnail wp-image-22707\" src=\"https:\/\/sindsaudeba.org.br\/portal\/wp-content\/uploads\/2025\/08\/WhatsApp-Image-2025-08-13-at-16.12.24-150x150.jpeg\" alt=\"\" width=\"150\" height=\"150\" srcset=\"https:\/\/sindsaudeba.org.br\/portal\/wp-content\/uploads\/2025\/08\/WhatsApp-Image-2025-08-13-at-16.12.24-150x150.jpeg 150w, https:\/\/sindsaudeba.org.br\/portal\/wp-content\/uploads\/2025\/08\/WhatsApp-Image-2025-08-13-at-16.12.24-570x570.jpeg 570w, https:\/\/sindsaudeba.org.br\/portal\/wp-content\/uploads\/2025\/08\/WhatsApp-Image-2025-08-13-at-16.12.24-500x500.jpeg 500w\" sizes=\"(max-width: 150px) 100vw, 150px\" \/><br \/>\nDialogando com diversos servidores no munic\u00edpio de Feira de Santana, a diretora Dart Clair, hoje, quarta-feira, 13 de junho, 5 espa\u00e7os de cuidado \u00e0 sa\u00fade mental, sendo 02 CAPS e 03 Resist\u00eancias terap\u00eauticas. Onde em cada local, al\u00e9m de dialogar com os trabalhadores de sa\u00fade observou as condi\u00e7\u00f5es de trabalho.<br \/>\nCom um olhar cl\u00ednico e observador, a diretora Dart Clair analisou cada detalhe e apresentara ao secret\u00e1rio de sa\u00fade do munic\u00edpio um relat\u00f3rio sobre o que encontrou em cada local. \u201cSempre di\u00e1logo com os trabalhadores em sa\u00fade e, por isso, o que encontrei precisa ser resolvido para trazer n\u00e3o s\u00f3 melhores condi\u00e7\u00f5es de vida para os pacientes, como os trabalhadores(as) que precisam ser e ter qualidade de excel\u00eancia para um servi\u00e7o melhor e digno dos nossos profissionais\u201d, pontua Dart.<br \/>\nOs locais tem como proposta ser uma comunidade de tratamento, mas faltam pontos importantes a serem solucionados para ganhar selo de qualidade 5 estrelas. \u201cN\u00e3o observei a parte burocr\u00e1tica, mas a parte que cabe ao sindicato e ao meu papel enquanto da \u00e1rea de sa\u00fade, olhar e pontuar, seguindo as normas da pr\u00f3pria vigil\u00e2ncia sanit\u00e1ria, isso irei dialogar com secret\u00e1rio e tentar resolver o mais r\u00e1pido poss\u00edvel para que os trabalhadores estejam cuidando e sendo cuidados por todos, em uma cadeia c\u00edclica de qualidade e sabemos que isso \u00e9 vi\u00e1vel. Por isso, aos trabalhadores estamos aqui enquanto entidade e vamos sempre que voc\u00eas nos derem feedback do seu ambiente de trabalho\u201d, esclareceu Dart que fortalece, \u201co di\u00e1logo \u00e9 a melhor forma de conseguirmos nossas pautas e melhorias reais para todos n\u00f3s. E vamos juntos conseguir!\u201d.<\/p>\n","protected":false},"excerpt":{"rendered":"<p>Dialogando com diversos servidores no munic\u00edpio de Feira de Santana, a diretora Dart Clair, hoje, quarta-feira, 13 de junho, 5 espa\u00e7os de cuidado \u00e0 sa\u00fade mental, sendo 02 CAPS e 03 Resist\u00eancias terap\u00eauticas. Onde em cada local, al\u00e9m de dialogar com os trabalhadores de sa\u00fade&#8230;<\/p>\n","protected":false},"author":2,"featured_media":22707,"comment_status":"open","ping_status":"open","sticky":false,"template":"","format":"standard","meta":[],"categories":[11,6,7],"tags":[],"amp_validity":null,"amp_enabled":true,"_links":{"self":[{"href":"https:\/\/sindsaudeba.org.br\/portal\/wp-json\/wp\/v2\/posts\/22706"}],"collection":[{"href":"https:\/\/sindsaudeba.org.br\/portal\/wp-json\/wp\/v2\/posts"}],"about":[{"href":"https:\/\/sindsaudeba.org.br\/portal\/wp-json\/wp\/v2\/types\/post"}],"author":[{"embeddable":true,"href":"https:\/\/sindsaudeba.org.br\/portal\/wp-json\/wp\/v2\/users\/2"}],"replies":[{"embeddable":true,"href":"https:\/\/sindsaudeba.org.br\/portal\/wp-json\/wp\/v2\/comments?post=22706"}],"version-history":[{"count":1,"href":"https:\/\/sindsaudeba.org.br\/portal\/wp-json\/wp\/v2\/posts\/22706\/revisions"}],"predecessor-version":[{"id":22708,"href":"https:\/\/sindsaudeba.org.br\/portal\/wp-json\/wp\/v2\/posts\/22706\/revisions\/22708"}],"wp:featuredmedia":[{"embeddable":true,"href":"https:\/\/sindsaudeba.org.br\/portal\/wp-json\/wp\/v2\/media\/22707"}],"wp:attachment":[{"href":"https:\/\/sindsaudeba.org.br\/portal\/wp-json\/wp\/v2\/media?parent=22706"}],"wp:term":[{"taxonomy":"category","embeddable":true,"href":"https:\/\/sindsaudeba.org.br\/portal\/wp-json\/wp\/v2\/categories?post=22706"},{"taxonomy":"post_tag","embeddable":true,"href":"https:\/\/sindsaudeba.org.br\/portal\/wp-json\/wp\/v2\/tags?post=22706"}],"curies":[{"name":"wp","href":"https:\/\/api.w.org\/{rel}","templated":true}]}}