{"id":22700,"date":"2025-08-12T13:51:47","date_gmt":"2025-08-12T16:51:47","guid":{"rendered":"https:\/\/sindsaudeba.org.br\/portal\/?p=22700"},"modified":"2025-08-12T13:54:56","modified_gmt":"2025-08-12T16:54:56","slug":"compromisso-com-a-saude-e-valorizacao-dos-trabalhadores","status":"publish","type":"post","link":"https:\/\/sindsaudeba.org.br\/portal\/blog\/compromisso-com-a-saude-e-valorizacao-dos-trabalhadores\/","title":{"rendered":"Compromisso com a sa\u00fade e valoriza\u00e7\u00e3o dos trabalhadores"},"content":{"rendered":"<p>No \u00faltima segunda-feira, dia 11 de agosto, a diretora do Sindsa\u00fade-BA, Dart Clair Cerqueira, visitou duas unidades de sa\u00fade mental de Feira de Santana. O CAPS III Dr. Jo\u00e3o Carlos Lopes Cavalcante e o Centro de Aten\u00e7\u00e3o Psicossocial Infantil.<\/p>\n<p>Durante as fiscaliza\u00e7\u00f5es, foram observadas as condi\u00e7\u00f5es de trabalho e a estrutura dos servi\u00e7os, reafirmando o compromisso do sindicato em defender um atendimento p\u00fablico de qualidade e lutar pela valoriza\u00e7\u00e3o dos profissionais que, todos os dias, garantem o funcionamento da sa\u00fade.<\/p>\n<p><img loading=\"lazy\" class=\"size-thumbnail wp-image-22702 aligncenter\" src=\"https:\/\/sindsaudeba.org.br\/portal\/wp-content\/uploads\/2025\/08\/WhatsApp-Image-2025-08-12-at-08.17.58-150x150.jpeg\" alt=\"\" width=\"150\" height=\"150\" srcset=\"https:\/\/sindsaudeba.org.br\/portal\/wp-content\/uploads\/2025\/08\/WhatsApp-Image-2025-08-12-at-08.17.58-150x150.jpeg 150w, https:\/\/sindsaudeba.org.br\/portal\/wp-content\/uploads\/2025\/08\/WhatsApp-Image-2025-08-12-at-08.17.58-570x570.jpeg 570w, https:\/\/sindsaudeba.org.br\/portal\/wp-content\/uploads\/2025\/08\/WhatsApp-Image-2025-08-12-at-08.17.58-500x500.jpeg 500w\" sizes=\"(max-width: 150px) 100vw, 150px\" \/>O Sindsa\u00fade-BA segue atuando de forma firme e dialogando com a gest\u00e3o municipal para levar as demandas da categoria e conquistar melhorias concretas para quem trabalha e para quem \u00e9 atendido.<\/p>\n<p>\u201cA sa\u00fade mental merece aten\u00e7\u00e3o, investimentos e respeito, e o Sindsa\u00fade est\u00e1 aqui para cobrar isso todos os dias\u201d, afirmou a diretora Dart Clair.<\/p>\n<p>&nbsp;<\/p>\n","protected":false},"excerpt":{"rendered":"<p>No \u00faltima segunda-feira, dia 11 de agosto, a diretora do Sindsa\u00fade-BA, Dart Clair Cerqueira, visitou duas unidades de sa\u00fade mental de Feira de Santana. O CAPS III Dr. Jo\u00e3o Carlos Lopes Cavalcante e o Centro de Aten\u00e7\u00e3o Psicossocial Infantil. Durante as fiscaliza\u00e7\u00f5es, foram observadas as&#8230;<\/p>\n","protected":false},"author":2,"featured_media":22701,"comment_status":"open","ping_status":"open","sticky":false,"template":"","format":"standard","meta":[],"categories":[11,6],"tags":[],"amp_validity":null,"amp_enabled":true,"_links":{"self":[{"href":"https:\/\/sindsaudeba.org.br\/portal\/wp-json\/wp\/v2\/posts\/22700"}],"collection":[{"href":"https:\/\/sindsaudeba.org.br\/portal\/wp-json\/wp\/v2\/posts"}],"about":[{"href":"https:\/\/sindsaudeba.org.br\/portal\/wp-json\/wp\/v2\/types\/post"}],"author":[{"embeddable":true,"href":"https:\/\/sindsaudeba.org.br\/portal\/wp-json\/wp\/v2\/users\/2"}],"replies":[{"embeddable":true,"href":"https:\/\/sindsaudeba.org.br\/portal\/wp-json\/wp\/v2\/comments?post=22700"}],"version-history":[{"count":2,"href":"https:\/\/sindsaudeba.org.br\/portal\/wp-json\/wp\/v2\/posts\/22700\/revisions"}],"predecessor-version":[{"id":22705,"href":"https:\/\/sindsaudeba.org.br\/portal\/wp-json\/wp\/v2\/posts\/22700\/revisions\/22705"}],"wp:featuredmedia":[{"embeddable":true,"href":"https:\/\/sindsaudeba.org.br\/portal\/wp-json\/wp\/v2\/media\/22701"}],"wp:attachment":[{"href":"https:\/\/sindsaudeba.org.br\/portal\/wp-json\/wp\/v2\/media?parent=22700"}],"wp:term":[{"taxonomy":"category","embeddable":true,"href":"https:\/\/sindsaudeba.org.br\/portal\/wp-json\/wp\/v2\/categories?post=22700"},{"taxonomy":"post_tag","embeddable":true,"href":"https:\/\/sindsaudeba.org.br\/portal\/wp-json\/wp\/v2\/tags?post=22700"}],"curies":[{"name":"wp","href":"https:\/\/api.w.org\/{rel}","templated":true}]}}