{"id":22687,"date":"2025-08-08T15:49:10","date_gmt":"2025-08-08T18:49:10","guid":{"rendered":"https:\/\/sindsaudeba.org.br\/portal\/?p=22687"},"modified":"2025-08-08T15:49:10","modified_gmt":"2025-08-08T18:49:10","slug":"sindsaude-bahia-participa-do-6o-congresso-nacional-da-ctb-em-salvador","status":"publish","type":"post","link":"https:\/\/sindsaudeba.org.br\/portal\/blog\/sindsaude-bahia-participa-do-6o-congresso-nacional-da-ctb-em-salvador\/","title":{"rendered":"Sindsa\u00fade Bahia participa do 6\u00ba Congresso Nacional da CTB em Salvador"},"content":{"rendered":"<p>O Sindsa\u00fade Bahia tamb\u00e9m marca presen\u00e7a no 6\u00ba Congresso Nacional da Central dos Trabalhadores e Trabalhadoras do Brasil (CTB), que est\u00e1 sendo realizado entre os dias 7 e 9 de agosto, no Senai Cimatec, em Salvador. O evento re\u00fane dirigentes sindicais de todo o pa\u00eds e conta com a presen\u00e7a de lideran\u00e7as sindicais de 20 pa\u00edses, representando a maioria dos continentes, para debater o tema central \u201cOs desafios da multipolaridade geopol\u00edtica e a classe trabalhadora\u201d.<br \/>\nO presidente da CTB, Adilson Ara\u00fajo, que abriu o congresso na noite de quinta-feira, fez uma defesa enf\u00e1tica da luta sindical classista.<br \/>\n\u201c\u00c9 dever do movimento sindical classista dobrar o seu empenho e a aposta na luta em defesa dos direitos e interesse da classe trabalhadora. \u00c9 necess\u00e1rio radicalizar a luta por uma nova ordem geopol\u00edtica, ser enf\u00e1tico exercendo o papel protagonista na luta pela paz e solidariedade entre povos e na\u00e7\u00f5es\u201d, declarou.<br \/>\nA presidente Ivanilda Brito, acompanhada dos diretores Dijalma Rossi, Leandro Lino e Joana Evangelista, representa a categoria da sa\u00fade da Bahia nas discuss\u00f5es. A programa\u00e7\u00e3o inclui semin\u00e1rios, debates sobre pol\u00edticas p\u00fablicas e estrat\u00e9gias para o fortalecimento do movimento sindical, al\u00e9m da elei\u00e7\u00e3o da nova dire\u00e7\u00e3o nacional da CTB.<br \/>\nPara Ivanilda, a participa\u00e7\u00e3o no congresso refor\u00e7a o compromisso do sindicato com a luta nacional.<\/p>\n<p>\u201cEstar presente neste Congresso \u00e9 fundamental para fortalecer a voz dos trabalhadores da sa\u00fade da Bahia e contribuir para a constru\u00e7\u00e3o de um movimento sindical forte, solid\u00e1rio e comprometido com a soberania nacional.\u201d<\/p>\n<p>&nbsp;<\/p>\n<div style=\"width: 848px;\" class=\"wp-video\"><!--[if lt IE 9]><script>document.createElement('video');<\/script><![endif]-->\n<video class=\"wp-video-shortcode\" id=\"video-22687-1\" width=\"848\" height=\"478\" preload=\"metadata\" controls=\"controls\"><source type=\"video\/mp4\" src=\"https:\/\/sindsaudeba.org.br\/portal\/wp-content\/uploads\/2025\/08\/WhatsApp-Video-2025-08-08-at-14.24.30-1.mp4?_=1\" \/><a href=\"https:\/\/sindsaudeba.org.br\/portal\/wp-content\/uploads\/2025\/08\/WhatsApp-Video-2025-08-08-at-14.24.30-1.mp4\">https:\/\/sindsaudeba.org.br\/portal\/wp-content\/uploads\/2025\/08\/WhatsApp-Video-2025-08-08-at-14.24.30-1.mp4<\/a><\/video><\/div>\n<div style=\"width: 1060px;\" class=\"wp-video\"><video class=\"wp-video-shortcode\" id=\"video-22687-2\" width=\"1060\" height=\"596\" preload=\"metadata\" controls=\"controls\"><source type=\"video\/mp4\" src=\"https:\/\/sindsaudeba.org.br\/portal\/wp-content\/uploads\/2025\/08\/WhatsApp-Video-2025-08-08-at-14.24.30.mp4?_=2\" \/><a href=\"https:\/\/sindsaudeba.org.br\/portal\/wp-content\/uploads\/2025\/08\/WhatsApp-Video-2025-08-08-at-14.24.30.mp4\">https:\/\/sindsaudeba.org.br\/portal\/wp-content\/uploads\/2025\/08\/WhatsApp-Video-2025-08-08-at-14.24.30.mp4<\/a><\/video><\/div>\n<p><img loading=\"lazy\" class=\"alignleft size-thumbnail wp-image-22695\" src=\"https:\/\/sindsaudeba.org.br\/portal\/wp-content\/uploads\/2025\/08\/WhatsApp-Image-2025-08-08-at-14.35.09-1-150x150.jpeg\" alt=\"\" width=\"150\" height=\"150\" srcset=\"https:\/\/sindsaudeba.org.br\/portal\/wp-content\/uploads\/2025\/08\/WhatsApp-Image-2025-08-08-at-14.35.09-1-150x150.jpeg 150w, https:\/\/sindsaudeba.org.br\/portal\/wp-content\/uploads\/2025\/08\/WhatsApp-Image-2025-08-08-at-14.35.09-1-570x570.jpeg 570w, https:\/\/sindsaudeba.org.br\/portal\/wp-content\/uploads\/2025\/08\/WhatsApp-Image-2025-08-08-at-14.35.09-1-500x500.jpeg 500w, https:\/\/sindsaudeba.org.br\/portal\/wp-content\/uploads\/2025\/08\/WhatsApp-Image-2025-08-08-at-14.35.09-1-1000x1000.jpeg 1000w\" sizes=\"(max-width: 150px) 100vw, 150px\" \/><img loading=\"lazy\" class=\"alignleft size-thumbnail wp-image-22694\" src=\"https:\/\/sindsaudeba.org.br\/portal\/wp-content\/uploads\/2025\/08\/WhatsApp-Image-2025-08-08-at-14.35.08-1-150x150.jpeg\" alt=\"\" width=\"150\" height=\"150\" srcset=\"https:\/\/sindsaudeba.org.br\/portal\/wp-content\/uploads\/2025\/08\/WhatsApp-Image-2025-08-08-at-14.35.08-1-150x150.jpeg 150w, https:\/\/sindsaudeba.org.br\/portal\/wp-content\/uploads\/2025\/08\/WhatsApp-Image-2025-08-08-at-14.35.08-1-570x570.jpeg 570w, https:\/\/sindsaudeba.org.br\/portal\/wp-content\/uploads\/2025\/08\/WhatsApp-Image-2025-08-08-at-14.35.08-1-500x500.jpeg 500w, https:\/\/sindsaudeba.org.br\/portal\/wp-content\/uploads\/2025\/08\/WhatsApp-Image-2025-08-08-at-14.35.08-1-1000x1000.jpeg 1000w\" sizes=\"(max-width: 150px) 100vw, 150px\" \/><img loading=\"lazy\" class=\"alignleft size-thumbnail wp-image-22693\" src=\"https:\/\/sindsaudeba.org.br\/portal\/wp-content\/uploads\/2025\/08\/WhatsApp-Image-2025-08-08-at-14.24.29-1-150x150.jpeg\" alt=\"\" width=\"150\" height=\"150\" srcset=\"https:\/\/sindsaudeba.org.br\/portal\/wp-content\/uploads\/2025\/08\/WhatsApp-Image-2025-08-08-at-14.24.29-1-150x150.jpeg 150w, https:\/\/sindsaudeba.org.br\/portal\/wp-content\/uploads\/2025\/08\/WhatsApp-Image-2025-08-08-at-14.24.29-1-570x570.jpeg 570w, https:\/\/sindsaudeba.org.br\/portal\/wp-content\/uploads\/2025\/08\/WhatsApp-Image-2025-08-08-at-14.24.29-1-500x500.jpeg 500w, https:\/\/sindsaudeba.org.br\/portal\/wp-content\/uploads\/2025\/08\/WhatsApp-Image-2025-08-08-at-14.24.29-1-1000x1000.jpeg 1000w\" sizes=\"(max-width: 150px) 100vw, 150px\" \/><\/p>\n","protected":false},"excerpt":{"rendered":"<p>O Sindsa\u00fade Bahia tamb\u00e9m marca presen\u00e7a no 6\u00ba Congresso Nacional da Central dos Trabalhadores e Trabalhadoras do Brasil (CTB), que est\u00e1 sendo realizado entre os dias 7 e 9 de agosto, no Senai Cimatec, em Salvador. O evento re\u00fane dirigentes sindicais de todo o pa\u00eds&#8230;<\/p>\n","protected":false},"author":2,"featured_media":22692,"comment_status":"open","ping_status":"open","sticky":false,"template":"","format":"standard","meta":[],"categories":[11,6],"tags":[],"amp_validity":null,"amp_enabled":true,"_links":{"self":[{"href":"https:\/\/sindsaudeba.org.br\/portal\/wp-json\/wp\/v2\/posts\/22687"}],"collection":[{"href":"https:\/\/sindsaudeba.org.br\/portal\/wp-json\/wp\/v2\/posts"}],"about":[{"href":"https:\/\/sindsaudeba.org.br\/portal\/wp-json\/wp\/v2\/types\/post"}],"author":[{"embeddable":true,"href":"https:\/\/sindsaudeba.org.br\/portal\/wp-json\/wp\/v2\/users\/2"}],"replies":[{"embeddable":true,"href":"https:\/\/sindsaudeba.org.br\/portal\/wp-json\/wp\/v2\/comments?post=22687"}],"version-history":[{"count":1,"href":"https:\/\/sindsaudeba.org.br\/portal\/wp-json\/wp\/v2\/posts\/22687\/revisions"}],"predecessor-version":[{"id":22698,"href":"https:\/\/sindsaudeba.org.br\/portal\/wp-json\/wp\/v2\/posts\/22687\/revisions\/22698"}],"wp:featuredmedia":[{"embeddable":true,"href":"https:\/\/sindsaudeba.org.br\/portal\/wp-json\/wp\/v2\/media\/22692"}],"wp:attachment":[{"href":"https:\/\/sindsaudeba.org.br\/portal\/wp-json\/wp\/v2\/media?parent=22687"}],"wp:term":[{"taxonomy":"category","embeddable":true,"href":"https:\/\/sindsaudeba.org.br\/portal\/wp-json\/wp\/v2\/categories?post=22687"},{"taxonomy":"post_tag","embeddable":true,"href":"https:\/\/sindsaudeba.org.br\/portal\/wp-json\/wp\/v2\/tags?post=22687"}],"curies":[{"name":"wp","href":"https:\/\/api.w.org\/{rel}","templated":true}]}}