{"id":22564,"date":"2025-07-07T12:48:21","date_gmt":"2025-07-07T15:48:21","guid":{"rendered":"https:\/\/sindsaudeba.org.br\/portal\/?p=22564"},"modified":"2025-07-07T12:59:48","modified_gmt":"2025-07-07T15:59:48","slug":"ctb-regional-portal-do-sertao-inicia-votacao-do-plebiscito-popular-na-iv-conepir-em-feira-de-santana","status":"publish","type":"post","link":"https:\/\/sindsaudeba.org.br\/portal\/blog\/ctb-regional-portal-do-sertao-inicia-votacao-do-plebiscito-popular-na-iv-conepir-em-feira-de-santana\/","title":{"rendered":"CTB Regional Portal do Sert\u00e3o inicia vota\u00e7\u00e3o do Plebiscito Popular na IV CONEPIR em Feira de Santana"},"content":{"rendered":"<p><img loading=\"lazy\" class=\"alignleft size-thumbnail wp-image-22565\" src=\"https:\/\/sindsaudeba.org.br\/portal\/wp-content\/uploads\/2025\/07\/WhatsApp-Image-2025-07-07-at-10.04.54-150x150.jpeg\" alt=\"\" width=\"150\" height=\"150\" srcset=\"https:\/\/sindsaudeba.org.br\/portal\/wp-content\/uploads\/2025\/07\/WhatsApp-Image-2025-07-07-at-10.04.54-150x150.jpeg 150w, https:\/\/sindsaudeba.org.br\/portal\/wp-content\/uploads\/2025\/07\/WhatsApp-Image-2025-07-07-at-10.04.54-570x570.jpeg 570w, https:\/\/sindsaudeba.org.br\/portal\/wp-content\/uploads\/2025\/07\/WhatsApp-Image-2025-07-07-at-10.04.54-500x500.jpeg 500w, https:\/\/sindsaudeba.org.br\/portal\/wp-content\/uploads\/2025\/07\/WhatsApp-Image-2025-07-07-at-10.04.54-1000x1000.jpeg 1000w\" sizes=\"(max-width: 150px) 100vw, 150px\" \/><img loading=\"lazy\" class=\"alignleft size-thumbnail wp-image-22566\" src=\"https:\/\/sindsaudeba.org.br\/portal\/wp-content\/uploads\/2025\/07\/WhatsApp-Image-2025-07-07-at-09.34.37-1-2-150x150.jpeg\" alt=\"\" width=\"150\" height=\"150\" srcset=\"https:\/\/sindsaudeba.org.br\/portal\/wp-content\/uploads\/2025\/07\/WhatsApp-Image-2025-07-07-at-09.34.37-1-2-150x150.jpeg 150w, https:\/\/sindsaudeba.org.br\/portal\/wp-content\/uploads\/2025\/07\/WhatsApp-Image-2025-07-07-at-09.34.37-1-2-570x570.jpeg 570w, https:\/\/sindsaudeba.org.br\/portal\/wp-content\/uploads\/2025\/07\/WhatsApp-Image-2025-07-07-at-09.34.37-1-2-500x500.jpeg 500w, https:\/\/sindsaudeba.org.br\/portal\/wp-content\/uploads\/2025\/07\/WhatsApp-Image-2025-07-07-at-09.34.37-1-2-1000x1000.jpeg 1000w\" sizes=\"(max-width: 150px) 100vw, 150px\" \/>Aconteceu na manh\u00e3 desta segunda-feira (7) a IV Confer\u00eancia Estadual da Igualdade Racial e a Coordenadora da Regional Portal do Sert\u00e3o, Daiana Alc\u00e2ntara, levou uma urna para a consulta dos presentes no evento.<br \/>\n&#8221; A escala de trabalho 6&#215;1 (seis dias trabalhados por um de folga) afeta desproporcionalmente a popula\u00e7\u00e3o negra. Trabalhadores negros s\u00e3o maioria na escala 6&#215;1 e frequentemente recebem sal\u00e1rios mais baixos, o que levanta quest\u00f5es sobre explora\u00e7\u00e3o e desigualdade racial no mercado de trabalho. Portanto, nada mais significativo que iniciar a coleta de votos na confer\u00eancia, que tem como tema central, Igualdade e Democracia: repara\u00e7\u00e3o e justi\u00e7a racial, e os sindicatos cetebistas (APLB, SINTEST-BA, SINDSA\u00daDE, SINDICATO DIS BANC\u00c1RIOS DE FEIRA DE SANTANA E SINDBORRACHA) est\u00e3o engajados na luta pelo fim da escala 6&#215;1, taxa\u00e7\u00e3o dos super ricos e aumento do teto da isen\u00e7\u00e3o do imposto de renda para quem ganha at\u00e9 5 mil reais em nosso munic\u00edpio&#8221; disse Alc\u00e2ntara.<br \/>\nO @plebiscitopopularbahia iniciou ontem em Feira durante o Bando Anunciador, v\u00e1rios movimentos sociais, estudantis, partidos pol\u00edticos e sindicatos que fazem parte do @movpelademocracia est\u00e3o imbu\u00eddos na tarefa e lutar por justi\u00e7a social e tribut\u00e1ria no nosso pa\u00eds.<\/p>\n<p>#plebiscito2025<br \/>\n#plebiscitopopular<br \/>\n#taxa\u00e7\u00e3odossuperricos<br \/>\n#PeloFimDaEscala6x1<\/p>\n","protected":false},"excerpt":{"rendered":"<p>Aconteceu na manh\u00e3 desta segunda-feira (7) a IV Confer\u00eancia Estadual da Igualdade Racial e a Coordenadora da Regional Portal do Sert\u00e3o, Daiana Alc\u00e2ntara, levou uma urna para a consulta dos presentes no evento. &#8221; A escala de trabalho 6&#215;1 (seis dias trabalhados por um de&#8230;<\/p>\n","protected":false},"author":2,"featured_media":22565,"comment_status":"open","ping_status":"open","sticky":false,"template":"","format":"standard","meta":[],"categories":[11,6,7],"tags":[],"amp_validity":null,"amp_enabled":true,"_links":{"self":[{"href":"https:\/\/sindsaudeba.org.br\/portal\/wp-json\/wp\/v2\/posts\/22564"}],"collection":[{"href":"https:\/\/sindsaudeba.org.br\/portal\/wp-json\/wp\/v2\/posts"}],"about":[{"href":"https:\/\/sindsaudeba.org.br\/portal\/wp-json\/wp\/v2\/types\/post"}],"author":[{"embeddable":true,"href":"https:\/\/sindsaudeba.org.br\/portal\/wp-json\/wp\/v2\/users\/2"}],"replies":[{"embeddable":true,"href":"https:\/\/sindsaudeba.org.br\/portal\/wp-json\/wp\/v2\/comments?post=22564"}],"version-history":[{"count":1,"href":"https:\/\/sindsaudeba.org.br\/portal\/wp-json\/wp\/v2\/posts\/22564\/revisions"}],"predecessor-version":[{"id":22567,"href":"https:\/\/sindsaudeba.org.br\/portal\/wp-json\/wp\/v2\/posts\/22564\/revisions\/22567"}],"wp:featuredmedia":[{"embeddable":true,"href":"https:\/\/sindsaudeba.org.br\/portal\/wp-json\/wp\/v2\/media\/22565"}],"wp:attachment":[{"href":"https:\/\/sindsaudeba.org.br\/portal\/wp-json\/wp\/v2\/media?parent=22564"}],"wp:term":[{"taxonomy":"category","embeddable":true,"href":"https:\/\/sindsaudeba.org.br\/portal\/wp-json\/wp\/v2\/categories?post=22564"},{"taxonomy":"post_tag","embeddable":true,"href":"https:\/\/sindsaudeba.org.br\/portal\/wp-json\/wp\/v2\/tags?post=22564"}],"curies":[{"name":"wp","href":"https:\/\/api.w.org\/{rel}","templated":true}]}}