{"id":21946,"date":"2025-04-07T21:24:45","date_gmt":"2025-04-08T00:24:45","guid":{"rendered":"https:\/\/sindsaudeba.org.br\/portal\/?p=21946"},"modified":"2025-04-07T22:03:41","modified_gmt":"2025-04-08T01:03:41","slug":"sindsaude-ba-assina-termo-do-reajuste-salarial-com-o-governo-do-estado","status":"publish","type":"post","link":"https:\/\/sindsaudeba.org.br\/portal\/blog\/sindsaude-ba-assina-termo-do-reajuste-salarial-com-o-governo-do-estado\/","title":{"rendered":"Sindsa\u00fade Ba assina termo do reajuste salarial com o Governo do Estado."},"content":{"rendered":"<p> O Sindsa\u00fade Bahia assinou hoje, 07 de abril de 2025, o acordo referente ao reajuste salarial do bi\u00eanio 2025|2026 para os servidores p\u00fablicos do Grupo Ocupacional Sa\u00fade, reajuste que beneficiar\u00e1 ativos e aposentados da SESAB.<br \/>\nA proposta apresentada pelo governo e oficializada hoje foi aprovada pela categoria em assembleia virtual, realizada no dia 28 de mar\u00e7o.<br \/>\nEstiveram presentes a presidente Ivanilda Brito, vice-presidente Tereza Deir\u00f3, e os diretores DIjalma Rossi, Leandro Lino e Maria Celeste do Ros\u00e1rio, representando os trabalhadores, enquanto o governo estava representado pelo  Secret\u00e1rio SERIN Adolfo Loyola, o Superintendente do SRH\/SAEB, Adriano Tambone, a Assessora da SERIN, Kelli Costa,  a Superintendente da Superh\/SESAB, Jana\u00edna Peralta &#8211; Superh\/SESAB,, o diretor da Dgets|SESAB, Luciano Moura. Ana Georgina, do DIEESE, acompanhou tamb\u00e9m a reuni\u00e3o por solicita\u00e7\u00e3o do Sindsaude.<br \/>\nO acordo contempla a continuidade da Mesa de Di\u00e1logo, com pautas espec\u00edficas consideradas urgentes para os servidores, como: progress\u00e3o, PCCV, CET e outros. Desta forma, a categoria pode seguir apresentando pautas diversas que v\u00e3o impactar na vida laboral dos trabalhadores em sa\u00fade.<br \/>\nPara sua efetiva\u00e7\u00e3o, o acordo deve ser transformado em projeto de lei e tramitar\u00e1 na Assembleia Legislativa nos pr\u00f3ximos dias. O processo ser\u00e1 acompanhado pelo sindicato e divulgado para a categoria.<br \/>\nNesta quarta-feira (09), teremos o SindicatON, quando a presidente Ivanilda Brito far\u00e1 mais uma live no Instagram, \u00e0s 10h, pontuando a mesa e outras diretrizes importantes para os servidores p\u00fablicos ativos e aposentados.<\/p>\n<p><img loading=\"lazy\" src=\"https:\/\/sindsaudeba.org.br\/portal\/wp-content\/uploads\/2025\/04\/WhatsApp-Image-2025-04-07-at-18.03.20-1-150x150.jpeg\" alt=\"\" width=\"150\" height=\"150\" class=\"alignleft size-thumbnail wp-image-21947\" srcset=\"https:\/\/sindsaudeba.org.br\/portal\/wp-content\/uploads\/2025\/04\/WhatsApp-Image-2025-04-07-at-18.03.20-1-150x150.jpeg 150w, https:\/\/sindsaudeba.org.br\/portal\/wp-content\/uploads\/2025\/04\/WhatsApp-Image-2025-04-07-at-18.03.20-1-570x570.jpeg 570w, https:\/\/sindsaudeba.org.br\/portal\/wp-content\/uploads\/2025\/04\/WhatsApp-Image-2025-04-07-at-18.03.20-1-500x500.jpeg 500w\" sizes=\"(max-width: 150px) 100vw, 150px\" \/><img loading=\"lazy\" src=\"https:\/\/sindsaudeba.org.br\/portal\/wp-content\/uploads\/2025\/04\/WhatsApp-Image-2025-04-07-at-18.03.19-1-150x150.jpeg\" alt=\"\" width=\"150\" height=\"150\" class=\"alignleft size-thumbnail wp-image-21949\" srcset=\"https:\/\/sindsaudeba.org.br\/portal\/wp-content\/uploads\/2025\/04\/WhatsApp-Image-2025-04-07-at-18.03.19-1-150x150.jpeg 150w, https:\/\/sindsaudeba.org.br\/portal\/wp-content\/uploads\/2025\/04\/WhatsApp-Image-2025-04-07-at-18.03.19-1-570x570.jpeg 570w, https:\/\/sindsaudeba.org.br\/portal\/wp-content\/uploads\/2025\/04\/WhatsApp-Image-2025-04-07-at-18.03.19-1-500x500.jpeg 500w\" sizes=\"(max-width: 150px) 100vw, 150px\" \/><img loading=\"lazy\" src=\"https:\/\/sindsaudeba.org.br\/portal\/wp-content\/uploads\/2025\/04\/WhatsApp-Image-2025-04-07-at-18.03.19-150x150.jpeg\" alt=\"\" width=\"150\" height=\"150\" class=\"alignleft size-thumbnail wp-image-21950\" srcset=\"https:\/\/sindsaudeba.org.br\/portal\/wp-content\/uploads\/2025\/04\/WhatsApp-Image-2025-04-07-at-18.03.19-150x150.jpeg 150w, https:\/\/sindsaudeba.org.br\/portal\/wp-content\/uploads\/2025\/04\/WhatsApp-Image-2025-04-07-at-18.03.19-570x570.jpeg 570w, https:\/\/sindsaudeba.org.br\/portal\/wp-content\/uploads\/2025\/04\/WhatsApp-Image-2025-04-07-at-18.03.19-500x500.jpeg 500w\" sizes=\"(max-width: 150px) 100vw, 150px\" \/><\/p>\n","protected":false},"excerpt":{"rendered":"<p>O Sindsa\u00fade Bahia assinou hoje, 07 de abril de 2025, o acordo referente ao reajuste salarial do bi\u00eanio 2025|2026 para os servidores p\u00fablicos do Grupo Ocupacional Sa\u00fade, reajuste que beneficiar\u00e1 ativos e aposentados da SESAB. A proposta apresentada pelo governo e oficializada hoje foi aprovada&#8230;<\/p>\n","protected":false},"author":2,"featured_media":21947,"comment_status":"open","ping_status":"open","sticky":false,"template":"","format":"standard","meta":[],"categories":[11,6,7],"tags":[],"amp_validity":null,"amp_enabled":true,"_links":{"self":[{"href":"https:\/\/sindsaudeba.org.br\/portal\/wp-json\/wp\/v2\/posts\/21946"}],"collection":[{"href":"https:\/\/sindsaudeba.org.br\/portal\/wp-json\/wp\/v2\/posts"}],"about":[{"href":"https:\/\/sindsaudeba.org.br\/portal\/wp-json\/wp\/v2\/types\/post"}],"author":[{"embeddable":true,"href":"https:\/\/sindsaudeba.org.br\/portal\/wp-json\/wp\/v2\/users\/2"}],"replies":[{"embeddable":true,"href":"https:\/\/sindsaudeba.org.br\/portal\/wp-json\/wp\/v2\/comments?post=21946"}],"version-history":[{"count":3,"href":"https:\/\/sindsaudeba.org.br\/portal\/wp-json\/wp\/v2\/posts\/21946\/revisions"}],"predecessor-version":[{"id":21954,"href":"https:\/\/sindsaudeba.org.br\/portal\/wp-json\/wp\/v2\/posts\/21946\/revisions\/21954"}],"wp:featuredmedia":[{"embeddable":true,"href":"https:\/\/sindsaudeba.org.br\/portal\/wp-json\/wp\/v2\/media\/21947"}],"wp:attachment":[{"href":"https:\/\/sindsaudeba.org.br\/portal\/wp-json\/wp\/v2\/media?parent=21946"}],"wp:term":[{"taxonomy":"category","embeddable":true,"href":"https:\/\/sindsaudeba.org.br\/portal\/wp-json\/wp\/v2\/categories?post=21946"},{"taxonomy":"post_tag","embeddable":true,"href":"https:\/\/sindsaudeba.org.br\/portal\/wp-json\/wp\/v2\/tags?post=21946"}],"curies":[{"name":"wp","href":"https:\/\/api.w.org\/{rel}","templated":true}]}}