{"id":21932,"date":"2025-04-01T14:10:04","date_gmt":"2025-04-01T17:10:04","guid":{"rendered":"https:\/\/sindsaudeba.org.br\/portal\/?p=21932"},"modified":"2025-04-01T14:20:18","modified_gmt":"2025-04-01T17:20:18","slug":"dialogar-e-defender-os-direitos-de-todos-os-trabalhadores-em-saude-no-municipios-de-feira-e-regiao-na-busca-por-um-sus-melhor-e-termos-profissionais-valorizados-com-salarios-dignos-e-todos-o","status":"publish","type":"post","link":"https:\/\/sindsaudeba.org.br\/portal\/blog\/dialogar-e-defender-os-direitos-de-todos-os-trabalhadores-em-saude-no-municipios-de-feira-e-regiao-na-busca-por-um-sus-melhor-e-termos-profissionais-valorizados-com-salarios-dignos-e-todos-o\/","title":{"rendered":"\u201cDialogar e defender os direitos de todos os trabalhadores em sa\u00fade no munic\u00edpios de Feira e regi\u00e3o na busca por um SUS melhor e termos profissionais valorizados, com sal\u00e1rios dignos e todos os seus direitos, por isso, \u00e9 importante todos n\u00f3s unirmos for\u00e7a\u201d, pontuou Dart Clair."},"content":{"rendered":"<p>\nOs servidores p\u00fablicos da sa\u00fade municipal t\u00eam o papel de implementar pol\u00edticas p\u00fablicas de sa\u00fade, garantindo o acesso \u00e0 sa\u00fade da popula\u00e7\u00e3o. Com fun\u00e7\u00f5es espec\u00edficas que garantem a funcionalidade da sa\u00fade na cidade, como: promover, proteger e recuperar a sa\u00fade da popula\u00e7\u00e3o; garantir aten\u00e7\u00e3o qualificada e cont\u00ednua \u00e0 popula\u00e7\u00e3o; articular, negociar, acompanhar, avaliar e auditar os servi\u00e7os e equipes de sa\u00fade; desenvolver o processo de planejamento, programa\u00e7\u00e3o e avalia\u00e7\u00e3o da sa\u00fade local; recomendar a ado\u00e7\u00e3o de crit\u00e9rios que garantam qualidade na presta\u00e7\u00e3o de servi\u00e7os de sa\u00fade; definir estrat\u00e9gias e mecanismos de coordena\u00e7\u00e3o do SUS; tra\u00e7ar diretrizes para elabora\u00e7\u00e3o de planos de sa\u00fade; examinar e encaminhar propostas, den\u00fancias e queixas e outras fun\u00e7\u00f5es que garantem qualidade do atendimento \u00e0 sa\u00fade na cidade.<br \/>\nA gest\u00e3o da sa\u00fade municipal deve aplicar recursos pr\u00f3prios e os repassados pela Uni\u00e3o e pelo estado. O munic\u00edpio formula suas pr\u00f3prias pol\u00edticas de sa\u00fade e tamb\u00e9m \u00e9 um dos parceiros para a aplica\u00e7\u00e3o de pol\u00edticas nacionais e estaduais de sa\u00fade.  Al\u00e9m de garantir a melhor qualidade no ambiente de trabalho, garantir um sal\u00e1rio digno e defender seus profissionais de sa\u00fade a terem mais direitos.<br \/>\nNessa balan\u00e7a, entra o Sindicato, que representar os trabalhadores, defender os seus direitos e lutar por melhores condi\u00e7\u00f5es de trabalho. No Semin\u00e1rio do Sindsa\u00fade Bahia para os servidores p\u00fablicos em Sa\u00fade do munic\u00edpio de Feira de Santana, a representante, Maria Leonor, (representando a presidente Ivanilda Brito), pontuou, \u201co sindicato \u00e9 todos n\u00f3s, somente unindo for\u00e7as podemos defender e lutar, pois, a hist\u00f3ria prova que uni\u00e3o faz a diferen\u00e7a e precisamos acabar com as diferen\u00e7as e for\u00e7ar nos nossos objetivos, lembrando que nada \u00e9 f\u00e1cil e cai do c\u00e9u, ou ser\u00e1 por meio de uma mesa e de um di\u00e1logo\u201d, pontuou.<br \/>\nO Secret\u00e1rio de Sa\u00fade de Feira de Santana, Dr Rodrigo Matos, pontuou as dificuldades, mas mostrou-se aberto ao di\u00e1logo e buscar meios para resolver os problemas \u201cnada melhor que a democracia, dialogar \u00e9 nossa base do governo, respeitamos a todos, hoje, temos um espa\u00e7o de di\u00e1logo permanente com o sindicato, por isso, a gest\u00e3o atual quer ser transparente para colocar o que \u00e9 poss\u00edvel e nesses 90 dias de di\u00e1logo. N\u00f3s estamos do mesmo lado, o SUS qualificado\u201d, pontuou o secret\u00e1rio DR Rodrigo.<br \/>\nA diretora Dart Clair agradeceu a presen\u00e7a de todos e pontuou a luta incans\u00e1vel. \u201cEssa turma presente est\u00e1 de parab\u00e9ns, n\u00e3o desistimos mesmo quando parec\u00edamos derrotados, mas \u00e9 isso, como j\u00e1 pontuei em diversos eventos, somente unindo for\u00e7as podemos subir os degraus que tanto galgamos e evoluir. Semana passada, estava em Bras\u00edlia lutando pela PEC19, Piso da Enfermagem, novos concursos p\u00fablicos com sal\u00e1rios dignos para nossas \u00e1reas da sa\u00fade. Aqui hoje, esse semin\u00e1rio \u00e9 um pouco do que faremos esse ano em Feira de Santana e regi\u00e3o e conto com apoio e divulga\u00e7\u00e3o de todos, por isso, vamos nos informar do nosso papel, direitos e deveres para lutar pelos nossos direitos respaldados\u201d, pontuou Dart Clair.<br \/>\nEstiveram presente o advogado do sindicato, Jean Oliveira, a Enfermeira Mariana Costa (representando os servidores P\u00fablicos), a enfermeira Polllyana Portela (ABEN), Rosimeire Cardoso (Coren-Ba), al\u00e9m do diretor Leandro Lino e Cristiane Daltro &#8211; Assessora T\u00e9cnica em Sa\u00fade do Trabalhador, Projeto Ass\u00e9dio Moral e Sexual SindSa\u00fade Bahia.<\/p>\n<p><img loading=\"lazy\" src=\"https:\/\/sindsaudeba.org.br\/portal\/wp-content\/uploads\/2025\/04\/WhatsApp-Image-2025-03-31-at-16.57.18-150x150.jpeg\" alt=\"\" width=\"150\" height=\"150\" class=\"alignleft size-thumbnail wp-image-21933\" srcset=\"https:\/\/sindsaudeba.org.br\/portal\/wp-content\/uploads\/2025\/04\/WhatsApp-Image-2025-03-31-at-16.57.18-150x150.jpeg 150w, https:\/\/sindsaudeba.org.br\/portal\/wp-content\/uploads\/2025\/04\/WhatsApp-Image-2025-03-31-at-16.57.18-570x570.jpeg 570w, https:\/\/sindsaudeba.org.br\/portal\/wp-content\/uploads\/2025\/04\/WhatsApp-Image-2025-03-31-at-16.57.18-500x500.jpeg 500w, https:\/\/sindsaudeba.org.br\/portal\/wp-content\/uploads\/2025\/04\/WhatsApp-Image-2025-03-31-at-16.57.18-1000x1000.jpeg 1000w\" sizes=\"(max-width: 150px) 100vw, 150px\" \/><img loading=\"lazy\" src=\"https:\/\/sindsaudeba.org.br\/portal\/wp-content\/uploads\/2025\/04\/WhatsApp-Image-2025-03-31-at-16.57.17-150x150.jpeg\" alt=\"\" width=\"150\" height=\"150\" class=\"alignleft size-thumbnail wp-image-21934\" srcset=\"https:\/\/sindsaudeba.org.br\/portal\/wp-content\/uploads\/2025\/04\/WhatsApp-Image-2025-03-31-at-16.57.17-150x150.jpeg 150w, https:\/\/sindsaudeba.org.br\/portal\/wp-content\/uploads\/2025\/04\/WhatsApp-Image-2025-03-31-at-16.57.17-570x570.jpeg 570w, https:\/\/sindsaudeba.org.br\/portal\/wp-content\/uploads\/2025\/04\/WhatsApp-Image-2025-03-31-at-16.57.17-500x500.jpeg 500w, https:\/\/sindsaudeba.org.br\/portal\/wp-content\/uploads\/2025\/04\/WhatsApp-Image-2025-03-31-at-16.57.17-1000x1000.jpeg 1000w\" sizes=\"(max-width: 150px) 100vw, 150px\" \/><img loading=\"lazy\" src=\"https:\/\/sindsaudeba.org.br\/portal\/wp-content\/uploads\/2025\/04\/WhatsApp-Image-2025-03-31-at-16.57.16-150x150.jpeg\" alt=\"\" width=\"150\" height=\"150\" class=\"alignleft size-thumbnail wp-image-21935\" srcset=\"https:\/\/sindsaudeba.org.br\/portal\/wp-content\/uploads\/2025\/04\/WhatsApp-Image-2025-03-31-at-16.57.16-150x150.jpeg 150w, https:\/\/sindsaudeba.org.br\/portal\/wp-content\/uploads\/2025\/04\/WhatsApp-Image-2025-03-31-at-16.57.16-570x570.jpeg 570w, https:\/\/sindsaudeba.org.br\/portal\/wp-content\/uploads\/2025\/04\/WhatsApp-Image-2025-03-31-at-16.57.16-500x500.jpeg 500w, https:\/\/sindsaudeba.org.br\/portal\/wp-content\/uploads\/2025\/04\/WhatsApp-Image-2025-03-31-at-16.57.16-1000x1000.jpeg 1000w\" sizes=\"(max-width: 150px) 100vw, 150px\" \/><img loading=\"lazy\" src=\"https:\/\/sindsaudeba.org.br\/portal\/wp-content\/uploads\/2025\/04\/WhatsApp-Image-2025-03-31-at-16.57.15-150x150.jpeg\" alt=\"\" width=\"150\" height=\"150\" class=\"alignleft size-thumbnail wp-image-21936\" srcset=\"https:\/\/sindsaudeba.org.br\/portal\/wp-content\/uploads\/2025\/04\/WhatsApp-Image-2025-03-31-at-16.57.15-150x150.jpeg 150w, https:\/\/sindsaudeba.org.br\/portal\/wp-content\/uploads\/2025\/04\/WhatsApp-Image-2025-03-31-at-16.57.15-570x570.jpeg 570w, https:\/\/sindsaudeba.org.br\/portal\/wp-content\/uploads\/2025\/04\/WhatsApp-Image-2025-03-31-at-16.57.15-500x500.jpeg 500w, https:\/\/sindsaudeba.org.br\/portal\/wp-content\/uploads\/2025\/04\/WhatsApp-Image-2025-03-31-at-16.57.15-1000x1000.jpeg 1000w\" sizes=\"(max-width: 150px) 100vw, 150px\" \/><img loading=\"lazy\" src=\"https:\/\/sindsaudeba.org.br\/portal\/wp-content\/uploads\/2025\/04\/WhatsApp-Image-2025-03-31-at-16.57.14-150x150.jpeg\" alt=\"\" width=\"150\" height=\"150\" class=\"alignleft size-thumbnail wp-image-21937\" srcset=\"https:\/\/sindsaudeba.org.br\/portal\/wp-content\/uploads\/2025\/04\/WhatsApp-Image-2025-03-31-at-16.57.14-150x150.jpeg 150w, https:\/\/sindsaudeba.org.br\/portal\/wp-content\/uploads\/2025\/04\/WhatsApp-Image-2025-03-31-at-16.57.14-570x570.jpeg 570w, https:\/\/sindsaudeba.org.br\/portal\/wp-content\/uploads\/2025\/04\/WhatsApp-Image-2025-03-31-at-16.57.14-500x500.jpeg 500w, https:\/\/sindsaudeba.org.br\/portal\/wp-content\/uploads\/2025\/04\/WhatsApp-Image-2025-03-31-at-16.57.14-1000x1000.jpeg 1000w\" sizes=\"(max-width: 150px) 100vw, 150px\" \/><img loading=\"lazy\" src=\"https:\/\/sindsaudeba.org.br\/portal\/wp-content\/uploads\/2025\/04\/WhatsApp-Image-2025-03-31-at-16.57.12-150x150.jpeg\" alt=\"\" width=\"150\" height=\"150\" class=\"alignleft size-thumbnail wp-image-21938\" srcset=\"https:\/\/sindsaudeba.org.br\/portal\/wp-content\/uploads\/2025\/04\/WhatsApp-Image-2025-03-31-at-16.57.12-150x150.jpeg 150w, https:\/\/sindsaudeba.org.br\/portal\/wp-content\/uploads\/2025\/04\/WhatsApp-Image-2025-03-31-at-16.57.12-570x570.jpeg 570w, https:\/\/sindsaudeba.org.br\/portal\/wp-content\/uploads\/2025\/04\/WhatsApp-Image-2025-03-31-at-16.57.12-500x500.jpeg 500w, https:\/\/sindsaudeba.org.br\/portal\/wp-content\/uploads\/2025\/04\/WhatsApp-Image-2025-03-31-at-16.57.12-1000x1000.jpeg 1000w\" sizes=\"(max-width: 150px) 100vw, 150px\" \/><img loading=\"lazy\" src=\"https:\/\/sindsaudeba.org.br\/portal\/wp-content\/uploads\/2025\/04\/WhatsApp-Image-2025-03-31-at-16.57.11-1-150x150.jpeg\" alt=\"\" width=\"150\" height=\"150\" class=\"alignleft size-thumbnail wp-image-21939\" srcset=\"https:\/\/sindsaudeba.org.br\/portal\/wp-content\/uploads\/2025\/04\/WhatsApp-Image-2025-03-31-at-16.57.11-1-150x150.jpeg 150w, https:\/\/sindsaudeba.org.br\/portal\/wp-content\/uploads\/2025\/04\/WhatsApp-Image-2025-03-31-at-16.57.11-1-570x570.jpeg 570w, https:\/\/sindsaudeba.org.br\/portal\/wp-content\/uploads\/2025\/04\/WhatsApp-Image-2025-03-31-at-16.57.11-1-500x500.jpeg 500w, https:\/\/sindsaudeba.org.br\/portal\/wp-content\/uploads\/2025\/04\/WhatsApp-Image-2025-03-31-at-16.57.11-1-1000x1000.jpeg 1000w\" sizes=\"(max-width: 150px) 100vw, 150px\" \/><img loading=\"lazy\" src=\"https:\/\/sindsaudeba.org.br\/portal\/wp-content\/uploads\/2025\/04\/WhatsApp-Image-2025-03-31-at-16.57.11-150x150.jpeg\" alt=\"\" width=\"150\" height=\"150\" class=\"alignleft size-thumbnail wp-image-21940\" srcset=\"https:\/\/sindsaudeba.org.br\/portal\/wp-content\/uploads\/2025\/04\/WhatsApp-Image-2025-03-31-at-16.57.11-150x150.jpeg 150w, https:\/\/sindsaudeba.org.br\/portal\/wp-content\/uploads\/2025\/04\/WhatsApp-Image-2025-03-31-at-16.57.11-570x570.jpeg 570w, https:\/\/sindsaudeba.org.br\/portal\/wp-content\/uploads\/2025\/04\/WhatsApp-Image-2025-03-31-at-16.57.11-500x500.jpeg 500w, https:\/\/sindsaudeba.org.br\/portal\/wp-content\/uploads\/2025\/04\/WhatsApp-Image-2025-03-31-at-16.57.11-1000x1000.jpeg 1000w\" sizes=\"(max-width: 150px) 100vw, 150px\" \/><img loading=\"lazy\" src=\"https:\/\/sindsaudeba.org.br\/portal\/wp-content\/uploads\/2025\/04\/WhatsApp-Image-2025-03-31-at-16.57.10-150x150.jpeg\" alt=\"\" width=\"150\" height=\"150\" class=\"alignleft size-thumbnail wp-image-21941\" srcset=\"https:\/\/sindsaudeba.org.br\/portal\/wp-content\/uploads\/2025\/04\/WhatsApp-Image-2025-03-31-at-16.57.10-150x150.jpeg 150w, https:\/\/sindsaudeba.org.br\/portal\/wp-content\/uploads\/2025\/04\/WhatsApp-Image-2025-03-31-at-16.57.10-570x570.jpeg 570w, https:\/\/sindsaudeba.org.br\/portal\/wp-content\/uploads\/2025\/04\/WhatsApp-Image-2025-03-31-at-16.57.10-500x500.jpeg 500w, https:\/\/sindsaudeba.org.br\/portal\/wp-content\/uploads\/2025\/04\/WhatsApp-Image-2025-03-31-at-16.57.10-1000x1000.jpeg 1000w\" sizes=\"(max-width: 150px) 100vw, 150px\" \/><img loading=\"lazy\" src=\"https:\/\/sindsaudeba.org.br\/portal\/wp-content\/uploads\/2025\/04\/WhatsApp-Image-2025-03-31-at-16.57.09-150x150.jpeg\" alt=\"\" width=\"150\" height=\"150\" class=\"alignleft size-thumbnail wp-image-21942\" srcset=\"https:\/\/sindsaudeba.org.br\/portal\/wp-content\/uploads\/2025\/04\/WhatsApp-Image-2025-03-31-at-16.57.09-150x150.jpeg 150w, https:\/\/sindsaudeba.org.br\/portal\/wp-content\/uploads\/2025\/04\/WhatsApp-Image-2025-03-31-at-16.57.09-570x570.jpeg 570w, https:\/\/sindsaudeba.org.br\/portal\/wp-content\/uploads\/2025\/04\/WhatsApp-Image-2025-03-31-at-16.57.09-500x500.jpeg 500w, https:\/\/sindsaudeba.org.br\/portal\/wp-content\/uploads\/2025\/04\/WhatsApp-Image-2025-03-31-at-16.57.09-1000x1000.jpeg 1000w\" sizes=\"(max-width: 150px) 100vw, 150px\" \/><\/p>\n","protected":false},"excerpt":{"rendered":"<p>Os servidores p\u00fablicos da sa\u00fade municipal t\u00eam o papel de implementar pol\u00edticas p\u00fablicas de sa\u00fade, garantindo o acesso \u00e0 sa\u00fade da popula\u00e7\u00e3o. Com fun\u00e7\u00f5es espec\u00edficas que garantem a funcionalidade da sa\u00fade na cidade, como: promover, proteger e recuperar a sa\u00fade da popula\u00e7\u00e3o; garantir aten\u00e7\u00e3o qualificada&#8230;<\/p>\n","protected":false},"author":2,"featured_media":21939,"comment_status":"open","ping_status":"open","sticky":false,"template":"","format":"standard","meta":[],"categories":[11,6,7],"tags":[],"amp_validity":null,"amp_enabled":true,"_links":{"self":[{"href":"https:\/\/sindsaudeba.org.br\/portal\/wp-json\/wp\/v2\/posts\/21932"}],"collection":[{"href":"https:\/\/sindsaudeba.org.br\/portal\/wp-json\/wp\/v2\/posts"}],"about":[{"href":"https:\/\/sindsaudeba.org.br\/portal\/wp-json\/wp\/v2\/types\/post"}],"author":[{"embeddable":true,"href":"https:\/\/sindsaudeba.org.br\/portal\/wp-json\/wp\/v2\/users\/2"}],"replies":[{"embeddable":true,"href":"https:\/\/sindsaudeba.org.br\/portal\/wp-json\/wp\/v2\/comments?post=21932"}],"version-history":[{"count":1,"href":"https:\/\/sindsaudeba.org.br\/portal\/wp-json\/wp\/v2\/posts\/21932\/revisions"}],"predecessor-version":[{"id":21943,"href":"https:\/\/sindsaudeba.org.br\/portal\/wp-json\/wp\/v2\/posts\/21932\/revisions\/21943"}],"wp:featuredmedia":[{"embeddable":true,"href":"https:\/\/sindsaudeba.org.br\/portal\/wp-json\/wp\/v2\/media\/21939"}],"wp:attachment":[{"href":"https:\/\/sindsaudeba.org.br\/portal\/wp-json\/wp\/v2\/media?parent=21932"}],"wp:term":[{"taxonomy":"category","embeddable":true,"href":"https:\/\/sindsaudeba.org.br\/portal\/wp-json\/wp\/v2\/categories?post=21932"},{"taxonomy":"post_tag","embeddable":true,"href":"https:\/\/sindsaudeba.org.br\/portal\/wp-json\/wp\/v2\/tags?post=21932"}],"curies":[{"name":"wp","href":"https:\/\/api.w.org\/{rel}","templated":true}]}}