{"id":21792,"date":"2025-02-24T12:39:55","date_gmt":"2025-02-24T15:39:55","guid":{"rendered":"https:\/\/sindsaudeba.org.br\/portal\/?p=21792"},"modified":"2025-02-24T12:39:55","modified_gmt":"2025-02-24T15:39:55","slug":"sindsaudeba-e-sindsefaz-com-saeb","status":"publish","type":"post","link":"https:\/\/sindsaudeba.org.br\/portal\/blog\/sindsaudeba-e-sindsefaz-com-saeb\/","title":{"rendered":"Sindsa\u00fadeBa e Sindsefaz com SAEB"},"content":{"rendered":"<p>Hoje dia 24\/02\/2025 (segunda-feira), Ivanilda Brito \u2013 presidente do SINDSAUDEBA, David e Claudio Meirelles Coordenador Geral do Sindsefaz, juntos em uma visita \u00e0 SAEB com o Superintendente de RH, Adriano Tambone, para tratar de quest\u00f5es fundamentais relacionadas ao PCCV do administrativo, no que tange a altera\u00e7\u00e3o das classes. Durante a reuni\u00e3o, discutimos as poss\u00edveis altera\u00e7\u00f5es e seus impactos, com foco na valoriza\u00e7\u00e3o dos servidores e na melhoria das condi\u00e7\u00f5es de trabalho. Al\u00e9m disso, abordamos temas ligados \u00e0 sa\u00fade e ao SINDSEFAZ, refor\u00e7ando a import\u00e2ncia de pol\u00edticas que garantam bem-estar e desenvolvimento profissional. O encontro foi produtivo e reafirmou o compromisso com avan\u00e7os significativos para a categoria, ficou assegurado que teremos sim reajuste salarial, isto significa um al\u00edvio para os servidores ativos e aposentados da sa\u00fade. Ap\u00f3s o carnaval, o governo convocar\u00e1 o SINDSAUDEBA para discutir as negocia\u00e7\u00f5es, ampliar resultados positivos para as categorias da sa\u00fade.<br \/>\n<img loading=\"lazy\" src=\"https:\/\/sindsaudeba.org.br\/portal\/wp-content\/uploads\/2025\/02\/WhatsApp-Image-2025-02-24-at-12.15.11-150x150.jpeg\" alt=\"\" width=\"150\" height=\"150\" class=\"alignleft size-thumbnail wp-image-21793\" srcset=\"https:\/\/sindsaudeba.org.br\/portal\/wp-content\/uploads\/2025\/02\/WhatsApp-Image-2025-02-24-at-12.15.11-150x150.jpeg 150w, https:\/\/sindsaudeba.org.br\/portal\/wp-content\/uploads\/2025\/02\/WhatsApp-Image-2025-02-24-at-12.15.11-570x570.jpeg 570w, https:\/\/sindsaudeba.org.br\/portal\/wp-content\/uploads\/2025\/02\/WhatsApp-Image-2025-02-24-at-12.15.11-500x500.jpeg 500w\" sizes=\"(max-width: 150px) 100vw, 150px\" \/><\/p>\n","protected":false},"excerpt":{"rendered":"<p>Hoje dia 24\/02\/2025 (segunda-feira), Ivanilda Brito \u2013 presidente do SINDSAUDEBA, David e Claudio Meirelles Coordenador Geral do Sindsefaz, juntos em uma visita \u00e0 SAEB com o Superintendente de RH, Adriano Tambone, para tratar de quest\u00f5es fundamentais relacionadas ao PCCV do administrativo, no que tange a&#8230;<\/p>\n","protected":false},"author":2,"featured_media":21793,"comment_status":"open","ping_status":"open","sticky":false,"template":"","format":"standard","meta":[],"categories":[11,6,7],"tags":[],"amp_validity":null,"amp_enabled":true,"_links":{"self":[{"href":"https:\/\/sindsaudeba.org.br\/portal\/wp-json\/wp\/v2\/posts\/21792"}],"collection":[{"href":"https:\/\/sindsaudeba.org.br\/portal\/wp-json\/wp\/v2\/posts"}],"about":[{"href":"https:\/\/sindsaudeba.org.br\/portal\/wp-json\/wp\/v2\/types\/post"}],"author":[{"embeddable":true,"href":"https:\/\/sindsaudeba.org.br\/portal\/wp-json\/wp\/v2\/users\/2"}],"replies":[{"embeddable":true,"href":"https:\/\/sindsaudeba.org.br\/portal\/wp-json\/wp\/v2\/comments?post=21792"}],"version-history":[{"count":1,"href":"https:\/\/sindsaudeba.org.br\/portal\/wp-json\/wp\/v2\/posts\/21792\/revisions"}],"predecessor-version":[{"id":21794,"href":"https:\/\/sindsaudeba.org.br\/portal\/wp-json\/wp\/v2\/posts\/21792\/revisions\/21794"}],"wp:featuredmedia":[{"embeddable":true,"href":"https:\/\/sindsaudeba.org.br\/portal\/wp-json\/wp\/v2\/media\/21793"}],"wp:attachment":[{"href":"https:\/\/sindsaudeba.org.br\/portal\/wp-json\/wp\/v2\/media?parent=21792"}],"wp:term":[{"taxonomy":"category","embeddable":true,"href":"https:\/\/sindsaudeba.org.br\/portal\/wp-json\/wp\/v2\/categories?post=21792"},{"taxonomy":"post_tag","embeddable":true,"href":"https:\/\/sindsaudeba.org.br\/portal\/wp-json\/wp\/v2\/tags?post=21792"}],"curies":[{"name":"wp","href":"https:\/\/api.w.org\/{rel}","templated":true}]}}