{"id":21748,"date":"2025-02-11T14:00:37","date_gmt":"2025-02-11T17:00:37","guid":{"rendered":"https:\/\/sindsaudeba.org.br\/portal\/?p=21748"},"modified":"2025-02-11T12:56:25","modified_gmt":"2025-02-11T15:56:25","slug":"sindsaude-bahia-participa-da-4a-reuniao-de-organizacao-do-8m","status":"publish","type":"post","link":"https:\/\/sindsaudeba.org.br\/portal\/blog\/sindsaude-bahia-participa-da-4a-reuniao-de-organizacao-do-8m\/","title":{"rendered":"Sindsa\u00fade Bahia participa da 4\u00aa reuni\u00e3o de organiza\u00e7\u00e3o do 8M"},"content":{"rendered":"<p>Na noite desta segunda-feira (10), aconteceu, no Sindicato dos Banc\u00e1rios, a 4\u00aa reuni\u00e3o para estruturar o 8M, que ser\u00e1 realizado no dia 8 de mar\u00e7o, Dia Internacional da Mulher. A diretora de Assuntos para as Mulheres do Sindsa\u00fade Bahia, Martha Bispo, participou do encontro, com representantes de diversos movimentos feministas e sindicais.<\/p>\n<p>A marcha do 8M deste ano ter\u00e1 concentra\u00e7\u00e3o a partir das 14h, no Cristo, de onde as participantes seguir\u00e3o juntas at\u00e9 o Farol da Barra. O movimento tem o objetivo dar visibilidade \u00e0s pautas das mulheres, denunciando a desigualdade de g\u00eanero, o feminic\u00eddio, a viol\u00eancia obst\u00e9trica, o desemprego e outras formas de viol\u00eancia que atingem as mulheres na sociedade.<\/p>\n<p>Foram discutidos pontos para a organiza\u00e7\u00e3o da marcha, as demandas centrais que ser\u00e3o eixos abordados na caminhada. O 8M se consolida, a cada ano, como um momento de unidade e for\u00e7a para as mulheres, refor\u00e7ando a import\u00e2ncia da participa\u00e7\u00e3o coletiva na constru\u00e7\u00e3o de uma sociedade mais justa\u00a0e\u00a0igualit\u00e1ria.<\/p>\n","protected":false},"excerpt":{"rendered":"<p>Na noite desta segunda-feira (10), aconteceu, no Sindicato dos Banc\u00e1rios, a 4\u00aa reuni\u00e3o para estruturar o 8M, que ser\u00e1 realizado no dia 8 de mar\u00e7o, Dia Internacional da Mulher. A diretora de Assuntos para as Mulheres do Sindsa\u00fade Bahia, Martha Bispo, participou do encontro, com&#8230;<\/p>\n","protected":false},"author":2,"featured_media":21749,"comment_status":"open","ping_status":"open","sticky":false,"template":"","format":"standard","meta":[],"categories":[11,6],"tags":[],"amp_validity":null,"amp_enabled":true,"_links":{"self":[{"href":"https:\/\/sindsaudeba.org.br\/portal\/wp-json\/wp\/v2\/posts\/21748"}],"collection":[{"href":"https:\/\/sindsaudeba.org.br\/portal\/wp-json\/wp\/v2\/posts"}],"about":[{"href":"https:\/\/sindsaudeba.org.br\/portal\/wp-json\/wp\/v2\/types\/post"}],"author":[{"embeddable":true,"href":"https:\/\/sindsaudeba.org.br\/portal\/wp-json\/wp\/v2\/users\/2"}],"replies":[{"embeddable":true,"href":"https:\/\/sindsaudeba.org.br\/portal\/wp-json\/wp\/v2\/comments?post=21748"}],"version-history":[{"count":1,"href":"https:\/\/sindsaudeba.org.br\/portal\/wp-json\/wp\/v2\/posts\/21748\/revisions"}],"predecessor-version":[{"id":21750,"href":"https:\/\/sindsaudeba.org.br\/portal\/wp-json\/wp\/v2\/posts\/21748\/revisions\/21750"}],"wp:featuredmedia":[{"embeddable":true,"href":"https:\/\/sindsaudeba.org.br\/portal\/wp-json\/wp\/v2\/media\/21749"}],"wp:attachment":[{"href":"https:\/\/sindsaudeba.org.br\/portal\/wp-json\/wp\/v2\/media?parent=21748"}],"wp:term":[{"taxonomy":"category","embeddable":true,"href":"https:\/\/sindsaudeba.org.br\/portal\/wp-json\/wp\/v2\/categories?post=21748"},{"taxonomy":"post_tag","embeddable":true,"href":"https:\/\/sindsaudeba.org.br\/portal\/wp-json\/wp\/v2\/tags?post=21748"}],"curies":[{"name":"wp","href":"https:\/\/api.w.org\/{rel}","templated":true}]}}