{"id":21739,"date":"2025-02-11T10:15:07","date_gmt":"2025-02-11T13:15:07","guid":{"rendered":"https:\/\/sindsaudeba.org.br\/portal\/?p=21739"},"modified":"2025-02-11T10:17:41","modified_gmt":"2025-02-11T13:17:41","slug":"21739","status":"publish","type":"post","link":"https:\/\/sindsaudeba.org.br\/portal\/blog\/21739\/","title":{"rendered":"Sindsa\u00fade-BA discute demandas dos servidores da Sa\u00fade com a Secretaria de Administra\u00e7\u00e3o de Feira de Santana"},"content":{"rendered":"<p>Na manh\u00e3 desta segunda-feira (10\/02), a Diretora do Sindsa\u00fade-BA, Dart Clair Cerqueira, se reuniu com a Secret\u00e1ria de Administra\u00e7\u00e3o de Feira de Santana, Sandra Peggy, para tratar das demandas dos servidores p\u00fablicos de Sa\u00fade do munic\u00edpio.<br \/>\nAlguns dos pontos discutidos foram: a redu\u00e7\u00e3o da Geus (gratifica\u00e7\u00e3o pelo exerc\u00edcio da fun\u00e7\u00e3o); o n\u00e3o recebimento de aux\u00edlio alimenta\u00e7\u00e3o, insalubridade e adicional noturno dos novos concursados; demandas dos servidores p\u00fablicos do Samu como a equipara\u00e7\u00e3o salarial; retorno da AJE; pagamento do piso salarial para todos os profissionais de enfermagem sendo utilizado a Geus como complemento e o direito dos aposentados da enfermagem que possuem paridade ao recebimento do complemento.<br \/>\nA Secret\u00e1ria de administra\u00e7\u00e3o assumiu o compromisso de buscar a solu\u00e7\u00e3o para as demandas apresentadas e de manter o permanente di\u00e1logo at\u00e9 a resolu\u00e7\u00e3o dos problemas apresentados.<br \/>\nA diretora Dart Clair ressaltou a import\u00e2ncia desse momento de escuta das demandas pela atual gest\u00e3o: &#8220;Com o compromisso em valorizar os servidores da Sa\u00fade, permaneceremos na luta na defesa dos direitos dos nossos filiados para garantir valoriza\u00e7\u00e3o e dignidade salarial para os servidores da Sa\u00fade de Feira\u00a0de\u00a0Santana&#8221;.<\/p>\n","protected":false},"excerpt":{"rendered":"<p>Na manh\u00e3 desta segunda-feira (10\/02), a Diretora do Sindsa\u00fade-BA, Dart Clair Cerqueira, se reuniu com a Secret\u00e1ria de Administra\u00e7\u00e3o de Feira de Santana, Sandra Peggy, para tratar das demandas dos servidores p\u00fablicos de Sa\u00fade do munic\u00edpio. Alguns dos pontos discutidos foram: a redu\u00e7\u00e3o da Geus&#8230;<\/p>\n","protected":false},"author":2,"featured_media":21740,"comment_status":"open","ping_status":"open","sticky":false,"template":"","format":"standard","meta":[],"categories":[11,6],"tags":[],"amp_validity":null,"amp_enabled":true,"_links":{"self":[{"href":"https:\/\/sindsaudeba.org.br\/portal\/wp-json\/wp\/v2\/posts\/21739"}],"collection":[{"href":"https:\/\/sindsaudeba.org.br\/portal\/wp-json\/wp\/v2\/posts"}],"about":[{"href":"https:\/\/sindsaudeba.org.br\/portal\/wp-json\/wp\/v2\/types\/post"}],"author":[{"embeddable":true,"href":"https:\/\/sindsaudeba.org.br\/portal\/wp-json\/wp\/v2\/users\/2"}],"replies":[{"embeddable":true,"href":"https:\/\/sindsaudeba.org.br\/portal\/wp-json\/wp\/v2\/comments?post=21739"}],"version-history":[{"count":2,"href":"https:\/\/sindsaudeba.org.br\/portal\/wp-json\/wp\/v2\/posts\/21739\/revisions"}],"predecessor-version":[{"id":21743,"href":"https:\/\/sindsaudeba.org.br\/portal\/wp-json\/wp\/v2\/posts\/21739\/revisions\/21743"}],"wp:featuredmedia":[{"embeddable":true,"href":"https:\/\/sindsaudeba.org.br\/portal\/wp-json\/wp\/v2\/media\/21740"}],"wp:attachment":[{"href":"https:\/\/sindsaudeba.org.br\/portal\/wp-json\/wp\/v2\/media?parent=21739"}],"wp:term":[{"taxonomy":"category","embeddable":true,"href":"https:\/\/sindsaudeba.org.br\/portal\/wp-json\/wp\/v2\/categories?post=21739"},{"taxonomy":"post_tag","embeddable":true,"href":"https:\/\/sindsaudeba.org.br\/portal\/wp-json\/wp\/v2\/tags?post=21739"}],"curies":[{"name":"wp","href":"https:\/\/api.w.org\/{rel}","templated":true}]}}