{"id":21674,"date":"2025-01-21T15:50:04","date_gmt":"2025-01-21T18:50:04","guid":{"rendered":"https:\/\/sindsaudeba.org.br\/portal\/?p=21674"},"modified":"2025-01-21T15:50:04","modified_gmt":"2025-01-21T18:50:04","slug":"presidente-ivanilda-brito-do-sindsaude-bahia-participa-da-solenidade-de-criacao-da-delegacia-de-combate-ao-racismo","status":"publish","type":"post","link":"https:\/\/sindsaudeba.org.br\/portal\/blog\/presidente-ivanilda-brito-do-sindsaude-bahia-participa-da-solenidade-de-criacao-da-delegacia-de-combate-ao-racismo\/","title":{"rendered":"Presidente Ivanilda Brito do Sindsa\u00fade Bahia participa da solenidade de cria\u00e7\u00e3o da Delegacia de Combate ao Racismo"},"content":{"rendered":"<p><img loading=\"lazy\" class=\"alignleft size-thumbnail wp-image-21675\" src=\"https:\/\/sindsaudeba.org.br\/portal\/wp-content\/uploads\/2025\/01\/WhatsApp-Image-2025-01-21-at-15.17.37-150x150.jpeg\" alt=\"\" width=\"150\" height=\"150\" srcset=\"https:\/\/sindsaudeba.org.br\/portal\/wp-content\/uploads\/2025\/01\/WhatsApp-Image-2025-01-21-at-15.17.37-150x150.jpeg 150w, https:\/\/sindsaudeba.org.br\/portal\/wp-content\/uploads\/2025\/01\/WhatsApp-Image-2025-01-21-at-15.17.37-570x570.jpeg 570w, https:\/\/sindsaudeba.org.br\/portal\/wp-content\/uploads\/2025\/01\/WhatsApp-Image-2025-01-21-at-15.17.37-500x500.jpeg 500w\" sizes=\"(max-width: 150px) 100vw, 150px\" \/>No Dia Nacional de Combate \u00e0 Intoler\u00e2ncia Religiosa, o governador da Bahia, Jer\u00f4nimo Rodrigues (PT), assinou nesta ter\u00e7a-feira (21) a lei que institui a Delegacia Especializada de Combate ao Racismo e \u00e0 Intoler\u00e2ncia Religiosa (Decrin). O ato reafirma o compromisso do estado na luta contra o racismo e o desrespeito \u00e0s cren\u00e7as. A unidade policial estar\u00e1 localizada no Engenho Velho de Brotas, em Salvador, onde funcionar\u00e1 o Centro Policial de Cidadania e Diversidade (CPCD), um espa\u00e7o integrado com atendimento 24 horas voltado a grupos vulner\u00e1veis, como mulheres, LGBTQIA+, negros, idosos e pessoas com defici\u00eancia.<\/p>\n<p>&#8220;\u00c9 um dia especial para a popula\u00e7\u00e3o negra e para as religi\u00f5es de matriz africana. A Decrin ser\u00e1 um instrumento importante no combate ao racismo e \u00e0 intoler\u00e2ncia religiosa. No entanto, precisamos tamb\u00e9m enfrentar o racismo estrutural interno, especialmente no servi\u00e7o p\u00fablico e na sa\u00fade. N\u00f3s, servidores que cuidamos de pessoas, enfrentamos frequentemente agress\u00f5es verbais. Os relatos dos colegas revelam situa\u00e7\u00f5es absurdas, e essa delegacia ser\u00e1 uma aliada no combate a essas viol\u00eancias&#8221;, afirmou Ivanilda Brito, presidente do Sindsa\u00fade Bahia.<\/p>\n<p>Na ocasi\u00e3o, a presidente Ivanilda Brito destacou ainda a necessidade de avan\u00e7os nas negocia\u00e7\u00f5es com o governo e a import\u00e2ncia do respeito \u00e0 data-base dos servidores. \u201c\u00c9 preciso combater n\u00e3o apenas o racismo e a viol\u00eancia, mas tamb\u00e9m a desvaloriza\u00e7\u00e3o dos servidores p\u00fablicos, tanto ativos quanto aposentados\u201d, refor\u00e7ou.<\/p>\n<p>Para a secret\u00e1ria de Promo\u00e7\u00e3o da Igualdade Racial e dos Povos Tradicionais (Sepromi), \u00c2ngela Guimar\u00e3es, a cria\u00e7\u00e3o da Decrin representa uma iniciativa essencial no combate ao racismo. &#8220;Essa \u00e9 uma luta de s\u00e9culos por igualdade, e a Decrin \u00e9 um passo significativo do nosso governo no enfrentamento aos crimes de racismo. A Bahia j\u00e1 possui diversas a\u00e7\u00f5es importantes, como a cria\u00e7\u00e3o da Sepromi, e precisamos intensificar a educa\u00e7\u00e3o para o respeito \u00e0s diferen\u00e7as&#8221;, destacou.<\/p>\n<p>A presidenta da CTB Bahia, Rosa de Souza, tamb\u00e9m esteve presente no evento e enfatizou a import\u00e2ncia da a\u00e7\u00e3o governamental. &#8220;Essa \u00e9 uma vit\u00f3ria dos movimentos negros, das religi\u00f5es de matriz africana e de entidades como a UNEGRO, que t\u00eam uma trajet\u00f3ria hist\u00f3rica na luta contra o racismo. A Decrin refor\u00e7a o compromisso do governo, que tem suas bases nos movimentos sociais. Esperamos que outras delegacias sejam criadas no interior do estado&#8221;, declarou Rosa.<\/p>\n<p>Rosa de Souza estava acompanhada de outros dirigentes da Central, como Ivanilda Brito (secret\u00e1ria de Imprensa e presidenta do Sindsa\u00fade Bahia), Rui Oliveira (coordenador-geral da APLB) e Cherry Almeida (secret\u00e1ria de Sa\u00fade e diretora do Sindicato dos Comerci\u00e1rios).<\/p>\n","protected":false},"excerpt":{"rendered":"<p>No Dia Nacional de Combate \u00e0 Intoler\u00e2ncia Religiosa, o governador da Bahia, Jer\u00f4nimo Rodrigues (PT), assinou nesta ter\u00e7a-feira (21) a lei que institui a Delegacia Especializada de Combate ao Racismo e \u00e0 Intoler\u00e2ncia Religiosa (Decrin). O ato reafirma o compromisso do estado na luta contra&#8230;<\/p>\n","protected":false},"author":2,"featured_media":21675,"comment_status":"open","ping_status":"open","sticky":false,"template":"","format":"standard","meta":[],"categories":[11,6,7],"tags":[],"amp_validity":null,"amp_enabled":true,"_links":{"self":[{"href":"https:\/\/sindsaudeba.org.br\/portal\/wp-json\/wp\/v2\/posts\/21674"}],"collection":[{"href":"https:\/\/sindsaudeba.org.br\/portal\/wp-json\/wp\/v2\/posts"}],"about":[{"href":"https:\/\/sindsaudeba.org.br\/portal\/wp-json\/wp\/v2\/types\/post"}],"author":[{"embeddable":true,"href":"https:\/\/sindsaudeba.org.br\/portal\/wp-json\/wp\/v2\/users\/2"}],"replies":[{"embeddable":true,"href":"https:\/\/sindsaudeba.org.br\/portal\/wp-json\/wp\/v2\/comments?post=21674"}],"version-history":[{"count":1,"href":"https:\/\/sindsaudeba.org.br\/portal\/wp-json\/wp\/v2\/posts\/21674\/revisions"}],"predecessor-version":[{"id":21676,"href":"https:\/\/sindsaudeba.org.br\/portal\/wp-json\/wp\/v2\/posts\/21674\/revisions\/21676"}],"wp:featuredmedia":[{"embeddable":true,"href":"https:\/\/sindsaudeba.org.br\/portal\/wp-json\/wp\/v2\/media\/21675"}],"wp:attachment":[{"href":"https:\/\/sindsaudeba.org.br\/portal\/wp-json\/wp\/v2\/media?parent=21674"}],"wp:term":[{"taxonomy":"category","embeddable":true,"href":"https:\/\/sindsaudeba.org.br\/portal\/wp-json\/wp\/v2\/categories?post=21674"},{"taxonomy":"post_tag","embeddable":true,"href":"https:\/\/sindsaudeba.org.br\/portal\/wp-json\/wp\/v2\/tags?post=21674"}],"curies":[{"name":"wp","href":"https:\/\/api.w.org\/{rel}","templated":true}]}}