{"id":21661,"date":"2025-01-16T15:40:04","date_gmt":"2025-01-16T18:40:04","guid":{"rendered":"https:\/\/sindsaudeba.org.br\/portal\/?p=21661"},"modified":"2025-01-16T16:19:28","modified_gmt":"2025-01-16T19:19:28","slug":"sindsaudeba-leva-as-pautas-de-luta-para-lavagem-do-bonfim","status":"publish","type":"post","link":"https:\/\/sindsaudeba.org.br\/portal\/blog\/sindsaudeba-leva-as-pautas-de-luta-para-lavagem-do-bonfim\/","title":{"rendered":"Sindsa\u00fadeBa leva as pautas de luta para Lavagem do Bonfim."},"content":{"rendered":"<p><img loading=\"lazy\" class=\"alignleft size-thumbnail wp-image-21662\" src=\"https:\/\/sindsaudeba.org.br\/portal\/wp-content\/uploads\/2025\/01\/180bab70-67c9-4c4d-be64-86e7b145f4b3-150x150.jpg\" alt=\"\" width=\"150\" height=\"150\" srcset=\"https:\/\/sindsaudeba.org.br\/portal\/wp-content\/uploads\/2025\/01\/180bab70-67c9-4c4d-be64-86e7b145f4b3-150x150.jpg 150w, https:\/\/sindsaudeba.org.br\/portal\/wp-content\/uploads\/2025\/01\/180bab70-67c9-4c4d-be64-86e7b145f4b3-570x570.jpg 570w, https:\/\/sindsaudeba.org.br\/portal\/wp-content\/uploads\/2025\/01\/180bab70-67c9-4c4d-be64-86e7b145f4b3-500x500.jpg 500w, https:\/\/sindsaudeba.org.br\/portal\/wp-content\/uploads\/2025\/01\/180bab70-67c9-4c4d-be64-86e7b145f4b3-1000x1000.jpg 1000w\" sizes=\"(max-width: 150px) 100vw, 150px\" \/><img loading=\"lazy\" class=\"alignleft size-thumbnail wp-image-21663\" src=\"https:\/\/sindsaudeba.org.br\/portal\/wp-content\/uploads\/2025\/01\/213acaf5-bead-4133-9eea-0d9f7a54c888-150x150.jpg\" alt=\"\" width=\"150\" height=\"150\" srcset=\"https:\/\/sindsaudeba.org.br\/portal\/wp-content\/uploads\/2025\/01\/213acaf5-bead-4133-9eea-0d9f7a54c888-150x150.jpg 150w, https:\/\/sindsaudeba.org.br\/portal\/wp-content\/uploads\/2025\/01\/213acaf5-bead-4133-9eea-0d9f7a54c888-570x570.jpg 570w, https:\/\/sindsaudeba.org.br\/portal\/wp-content\/uploads\/2025\/01\/213acaf5-bead-4133-9eea-0d9f7a54c888-500x500.jpg 500w, https:\/\/sindsaudeba.org.br\/portal\/wp-content\/uploads\/2025\/01\/213acaf5-bead-4133-9eea-0d9f7a54c888-1000x1000.jpg 1000w\" sizes=\"(max-width: 150px) 100vw, 150px\" \/><img loading=\"lazy\" class=\"alignleft size-thumbnail wp-image-21664\" src=\"https:\/\/sindsaudeba.org.br\/portal\/wp-content\/uploads\/2025\/01\/283bf463-fa83-459a-bd25-37f17aebb756-150x150.jpg\" alt=\"\" width=\"150\" height=\"150\" srcset=\"https:\/\/sindsaudeba.org.br\/portal\/wp-content\/uploads\/2025\/01\/283bf463-fa83-459a-bd25-37f17aebb756-150x150.jpg 150w, https:\/\/sindsaudeba.org.br\/portal\/wp-content\/uploads\/2025\/01\/283bf463-fa83-459a-bd25-37f17aebb756-570x570.jpg 570w, https:\/\/sindsaudeba.org.br\/portal\/wp-content\/uploads\/2025\/01\/283bf463-fa83-459a-bd25-37f17aebb756-500x500.jpg 500w, https:\/\/sindsaudeba.org.br\/portal\/wp-content\/uploads\/2025\/01\/283bf463-fa83-459a-bd25-37f17aebb756-1000x1000.jpg 1000w\" sizes=\"(max-width: 150px) 100vw, 150px\" \/><img loading=\"lazy\" class=\"alignleft size-thumbnail wp-image-21665\" src=\"https:\/\/sindsaudeba.org.br\/portal\/wp-content\/uploads\/2025\/01\/aad71016-ae74-40fc-a6d3-557e6cc880bc-150x150.jpg\" alt=\"\" width=\"150\" height=\"150\" srcset=\"https:\/\/sindsaudeba.org.br\/portal\/wp-content\/uploads\/2025\/01\/aad71016-ae74-40fc-a6d3-557e6cc880bc-150x150.jpg 150w, https:\/\/sindsaudeba.org.br\/portal\/wp-content\/uploads\/2025\/01\/aad71016-ae74-40fc-a6d3-557e6cc880bc-570x570.jpg 570w, https:\/\/sindsaudeba.org.br\/portal\/wp-content\/uploads\/2025\/01\/aad71016-ae74-40fc-a6d3-557e6cc880bc-500x500.jpg 500w, https:\/\/sindsaudeba.org.br\/portal\/wp-content\/uploads\/2025\/01\/aad71016-ae74-40fc-a6d3-557e6cc880bc-1000x1000.jpg 1000w\" sizes=\"(max-width: 150px) 100vw, 150px\" \/>Comemorando 280 anos que a imagem do Senhor do Bonfim chegou a Bahia, milhares de baianos, turistas, autoridades pol\u00edticas, sociedade civil e grupos religiosos marcaram presen\u00e7a nesta quinta-feira, 16 de janeiro, na tradicional Lavagem do Senhor do Bonfim 2025.<\/p>\n<p>Cerca de 2 milh\u00e3o de baianos e turistas participaram do cortejo que saiu da Igreja de Nossa Senhora da Concei\u00e7\u00e3o, no Com\u00e9rcio, at\u00e9 a Colina Sagrada, no Bonfim, percorrendo 8km. F\u00e9 e devo\u00e7\u00e3o se misturam com m\u00fasica, arte, grupos de corridas e curti\u00e7\u00e3o entre amigos. Tamb\u00e9m \u00e9 tradi\u00e7\u00e3o a presen\u00e7a de pol\u00edticos e partidos, mas \u00e9 a presen\u00e7a dos movimentos sociais, sindicatos, organiza\u00e7\u00f5es n\u00e3o governamentais e grupos levam as suas bandeiras de lutas. A CTB Bahia, Sindsa\u00fadeBa, v\u00e1rios sindicatos e entidades mostraram sua for\u00e7a na festa.<\/p>\n<p>\u201cEntregamos of\u00edcio, com as pautas, mas vamos continuar a cobrar e defender os direitos dos trabalhadores em sa\u00fade, levamos algumas para a Lavagem, s\u00f3 da sa\u00fade, s\u00e3o fundamentais para vida do servidores ativo e aposentados, como: Governador, 17 anos sem concurso para a sa\u00fade: \u00c9 destruir o SUS na BAHIA; 2. Governador Jer\u00f4nimo- RESPEITE A DATA-BASE (JANEIRO) DO SERVIDOR; 3. Governador, basta de privatiza\u00e7\u00e3o e terceiriza\u00e7\u00e3o na SA\u00daDE\u00a0 DA BAHIA; 4. Governador Jer\u00f4nimo,\u00a0\u00a0 oficialize a mesa central de\u00a0 negocia\u00e7\u00e3o\u00a0 dos servidores J\u00c1!; 5. Governador, O PLANSERV \u00c9\u00a0 DO SERVIDOR, N\u00c3O DESTRUA!; 6. Governador,\u00a0 REAJUSTE DIGNO PARA ATIVOS E APOSENTADOS DA SA\u00daDE J\u00c1!\u201d, pontuou Ivanilda Brito presente.<\/p>\n<p>Marcaram presen\u00e7a na lavagem os diretores; Dijlama Rossi, Dart Clair (que veio com v\u00e1rios servidores do interior); Leandro Linno, Joana Evangelista, Maria Celeste e servidores p\u00fablicos da sa\u00fade que foram encontrando na caminhada.<\/p>\n<p>\u201cTodos os anos, estamos aqui, trazendo nossas mensagens e apontando as principais reivindica\u00e7\u00f5es das categorias que representamos. \u00c9 muito simb\u00f3lico para o movimento sindical participar da Festa do Bonfim para come\u00e7ar bem suas lutas por novas conquistas\u201d, disse a diretora Dart Clair de Feira de Santana, que marcou presen\u00e7a na caminhada.<\/p>\n<p>\u201cTeremos as campanhas salariais, as lutas gerais conduzidas pelas Centrais e as espec\u00edficas dos sindicatos dos servidores p\u00fablicos do Estado da Bahia\u201d, pontuou Dijalma Rossi.<\/p>\n<p>A presidente do Sindsa\u00fadeBa, Ivanilda Brito, marcou presen\u00e7a com diversos diretores da entidade. Na faixa a pauta unificada da Federa\u00e7\u00e3o dos Servidores P\u00fablicos do Estado da Bahia (FESPEBAHIA) foram: Reajuste Salarial, Concurso P\u00fablico e Aux\u00edlio Alimenta\u00e7\u00e3o digno para todos. De acordo com a presidente, a pauta unificada com todas as entidades da FESPEBAHIA.<\/p>\n<p>\u201cN\u00e3o esquecemos do Piso da Enfermagem, Insalubridade, Reajuste Salarial digno, Concurso P\u00fablico para SESAB, nossa URV (o Juiz), valoriza\u00e7\u00e3o dos servidores pelo interior da Bahia e outras pautas importantes. Vamos intensificar o di\u00e1logo e as negocia\u00e7\u00f5es, conversar on-line e presencial com os colegas servidores por toda a Bahia, com foco \u00fanico, valorizar e defender nossos direitos, ativos e aposentados\u201d, pontuou a presidente Ivanilda.<\/p>\n<p>No cortejo \u00e9 poss\u00edvel ver a diversidade da luta pol\u00edtica desenvolvida pelos sindicatos classistas. Liderados pela FESPEBAHIA, sindicatos de servidores p\u00fablicos, como APLB, Sindsa\u00fadeBA, Sinpojud e SintestBA reivindicaram de forma unificada reajuste salarial, concurso p\u00fablico e aux\u00edlio-alimenta\u00e7\u00e3o dignos para todos.<\/p>\n","protected":false},"excerpt":{"rendered":"<p>Comemorando 280 anos que a imagem do Senhor do Bonfim chegou a Bahia, milhares de baianos, turistas, autoridades pol\u00edticas, sociedade civil e grupos religiosos marcaram presen\u00e7a nesta quinta-feira, 16 de janeiro, na tradicional Lavagem do Senhor do Bonfim 2025. Cerca de 2 milh\u00e3o de baianos&#8230;<\/p>\n","protected":false},"author":2,"featured_media":21665,"comment_status":"open","ping_status":"open","sticky":false,"template":"","format":"standard","meta":[],"categories":[11,6,7],"tags":[],"amp_validity":null,"amp_enabled":true,"_links":{"self":[{"href":"https:\/\/sindsaudeba.org.br\/portal\/wp-json\/wp\/v2\/posts\/21661"}],"collection":[{"href":"https:\/\/sindsaudeba.org.br\/portal\/wp-json\/wp\/v2\/posts"}],"about":[{"href":"https:\/\/sindsaudeba.org.br\/portal\/wp-json\/wp\/v2\/types\/post"}],"author":[{"embeddable":true,"href":"https:\/\/sindsaudeba.org.br\/portal\/wp-json\/wp\/v2\/users\/2"}],"replies":[{"embeddable":true,"href":"https:\/\/sindsaudeba.org.br\/portal\/wp-json\/wp\/v2\/comments?post=21661"}],"version-history":[{"count":2,"href":"https:\/\/sindsaudeba.org.br\/portal\/wp-json\/wp\/v2\/posts\/21661\/revisions"}],"predecessor-version":[{"id":21668,"href":"https:\/\/sindsaudeba.org.br\/portal\/wp-json\/wp\/v2\/posts\/21661\/revisions\/21668"}],"wp:featuredmedia":[{"embeddable":true,"href":"https:\/\/sindsaudeba.org.br\/portal\/wp-json\/wp\/v2\/media\/21665"}],"wp:attachment":[{"href":"https:\/\/sindsaudeba.org.br\/portal\/wp-json\/wp\/v2\/media?parent=21661"}],"wp:term":[{"taxonomy":"category","embeddable":true,"href":"https:\/\/sindsaudeba.org.br\/portal\/wp-json\/wp\/v2\/categories?post=21661"},{"taxonomy":"post_tag","embeddable":true,"href":"https:\/\/sindsaudeba.org.br\/portal\/wp-json\/wp\/v2\/tags?post=21661"}],"curies":[{"name":"wp","href":"https:\/\/api.w.org\/{rel}","templated":true}]}}