{"id":21657,"date":"2025-01-14T08:36:35","date_gmt":"2025-01-14T11:36:35","guid":{"rendered":"https:\/\/sindsaudeba.org.br\/portal\/?p=21657"},"modified":"2025-01-14T08:36:35","modified_gmt":"2025-01-14T11:36:35","slug":"sindsaude-bahia-mais-um-ano-na-lavagem-do-bonfim","status":"publish","type":"post","link":"https:\/\/sindsaudeba.org.br\/portal\/blog\/sindsaude-bahia-mais-um-ano-na-lavagem-do-bonfim\/","title":{"rendered":"Sindsa\u00fade Bahia mais um ano na Lavagem do Bonfim"},"content":{"rendered":"<p>Na pr\u00f3xima quinta-feira, 16 de janeiro, o Sindsa\u00fade Bahia estar\u00e1 mais uma vez presente na tradicional Lavagem do Bonfim. O evento, que combina celebra\u00e7\u00e3o, f\u00e9 e cultura, tamb\u00e9m \u00e9 um importante espa\u00e7o para reafirmar o compromisso com a luta pelos direitos dos servidores estaduais da sa\u00fade.<\/p>\n<p>A participa\u00e7\u00e3o na Lavagem do Bonfim j\u00e1 \u00e9 uma tradi\u00e7\u00e3o para o Sindsa\u00fade Bahia, que aproveita a ocasi\u00e3o para dar visibilidade \u00e0s pautas priorit\u00e1rias da categoria. Em 2025, a caminhada ser\u00e1 uma oportunidade de refor\u00e7ar demandas como o reajuste salarial digno, a realiza\u00e7\u00e3o de concursos p\u00fablicos, o fortalecimento do Planserv e a implementa\u00e7\u00e3o do piso salarial da enfermagem.<\/p>\n<p>\u201cA Lavagem do Bonfim n\u00e3o \u00e9 apenas um ato de f\u00e9, mas tamb\u00e9m um momento de reafirmarmos nossa for\u00e7a como trabalhadores e trabalhadoras da sa\u00fade. Caminhamos em busca de respeito, reconhecimento, justi\u00e7a e melhores condi\u00e7\u00f5es para quem est\u00e1 na linha de frente do cuidado \u00e0 sa\u00fade\u201d, destacou Ivanilda Brito, presidente do Sindsa\u00fade Bahia, ressaltando a import\u00e2ncia do evento como palco de reivindica\u00e7\u00f5es e uni\u00e3o da categoria.<\/p>\n<p>Ivanilda tamb\u00e9m refor\u00e7ou o convite para que os servidores participem do ato, destacando que a presen\u00e7a de todos \u00e9 essencial para demonstrar a for\u00e7a da categoria e reivindicar seus direitos de forma coletiva.<\/p>\n","protected":false},"excerpt":{"rendered":"<p>Na pr\u00f3xima quinta-feira, 16 de janeiro, o Sindsa\u00fade Bahia estar\u00e1 mais uma vez presente na tradicional Lavagem do Bonfim. O evento, que combina celebra\u00e7\u00e3o, f\u00e9 e cultura, tamb\u00e9m \u00e9 um importante espa\u00e7o para reafirmar o compromisso com a luta pelos direitos dos servidores estaduais da&#8230;<\/p>\n","protected":false},"author":2,"featured_media":21658,"comment_status":"open","ping_status":"open","sticky":false,"template":"","format":"standard","meta":[],"categories":[11,6],"tags":[],"amp_validity":null,"amp_enabled":true,"_links":{"self":[{"href":"https:\/\/sindsaudeba.org.br\/portal\/wp-json\/wp\/v2\/posts\/21657"}],"collection":[{"href":"https:\/\/sindsaudeba.org.br\/portal\/wp-json\/wp\/v2\/posts"}],"about":[{"href":"https:\/\/sindsaudeba.org.br\/portal\/wp-json\/wp\/v2\/types\/post"}],"author":[{"embeddable":true,"href":"https:\/\/sindsaudeba.org.br\/portal\/wp-json\/wp\/v2\/users\/2"}],"replies":[{"embeddable":true,"href":"https:\/\/sindsaudeba.org.br\/portal\/wp-json\/wp\/v2\/comments?post=21657"}],"version-history":[{"count":1,"href":"https:\/\/sindsaudeba.org.br\/portal\/wp-json\/wp\/v2\/posts\/21657\/revisions"}],"predecessor-version":[{"id":21659,"href":"https:\/\/sindsaudeba.org.br\/portal\/wp-json\/wp\/v2\/posts\/21657\/revisions\/21659"}],"wp:featuredmedia":[{"embeddable":true,"href":"https:\/\/sindsaudeba.org.br\/portal\/wp-json\/wp\/v2\/media\/21658"}],"wp:attachment":[{"href":"https:\/\/sindsaudeba.org.br\/portal\/wp-json\/wp\/v2\/media?parent=21657"}],"wp:term":[{"taxonomy":"category","embeddable":true,"href":"https:\/\/sindsaudeba.org.br\/portal\/wp-json\/wp\/v2\/categories?post=21657"},{"taxonomy":"post_tag","embeddable":true,"href":"https:\/\/sindsaudeba.org.br\/portal\/wp-json\/wp\/v2\/tags?post=21657"}],"curies":[{"name":"wp","href":"https:\/\/api.w.org\/{rel}","templated":true}]}}