{"id":21642,"date":"2025-01-08T21:34:07","date_gmt":"2025-01-09T00:34:07","guid":{"rendered":"https:\/\/sindsaudeba.org.br\/portal\/?p=21642"},"modified":"2025-01-08T21:34:24","modified_gmt":"2025-01-09T00:34:24","slug":"programa-entre-aspas-entrevista-o-nutricionista-marco-ferreira","status":"publish","type":"post","link":"https:\/\/sindsaudeba.org.br\/portal\/blog\/programa-entre-aspas-entrevista-o-nutricionista-marco-ferreira\/","title":{"rendered":"Programa Entre Aspas entrevista o Nutricionista Marco Ferreira."},"content":{"rendered":"<p><img loading=\"lazy\" class=\"alignleft size-thumbnail wp-image-21643\" src=\"https:\/\/sindsaudeba.org.br\/portal\/wp-content\/uploads\/2025\/01\/WhatsApp-Image-2025-01-08-at-11.26.07-150x150.jpeg\" alt=\"\" width=\"150\" height=\"150\" srcset=\"https:\/\/sindsaudeba.org.br\/portal\/wp-content\/uploads\/2025\/01\/WhatsApp-Image-2025-01-08-at-11.26.07-150x150.jpeg 150w, https:\/\/sindsaudeba.org.br\/portal\/wp-content\/uploads\/2025\/01\/WhatsApp-Image-2025-01-08-at-11.26.07-570x570.jpeg 570w, https:\/\/sindsaudeba.org.br\/portal\/wp-content\/uploads\/2025\/01\/WhatsApp-Image-2025-01-08-at-11.26.07-500x500.jpeg 500w, https:\/\/sindsaudeba.org.br\/portal\/wp-content\/uploads\/2025\/01\/WhatsApp-Image-2025-01-08-at-11.26.07-1000x1000.jpeg 1000w\" sizes=\"(max-width: 150px) 100vw, 150px\" \/><img loading=\"lazy\" class=\"alignleft size-thumbnail wp-image-21644\" src=\"https:\/\/sindsaudeba.org.br\/portal\/wp-content\/uploads\/2025\/01\/WhatsApp-Image-2025-01-08-at-11.26.05-150x150.jpeg\" alt=\"\" width=\"150\" height=\"150\" srcset=\"https:\/\/sindsaudeba.org.br\/portal\/wp-content\/uploads\/2025\/01\/WhatsApp-Image-2025-01-08-at-11.26.05-150x150.jpeg 150w, https:\/\/sindsaudeba.org.br\/portal\/wp-content\/uploads\/2025\/01\/WhatsApp-Image-2025-01-08-at-11.26.05-570x570.jpeg 570w, https:\/\/sindsaudeba.org.br\/portal\/wp-content\/uploads\/2025\/01\/WhatsApp-Image-2025-01-08-at-11.26.05-500x500.jpeg 500w, https:\/\/sindsaudeba.org.br\/portal\/wp-content\/uploads\/2025\/01\/WhatsApp-Image-2025-01-08-at-11.26.05-1000x1000.jpeg 1000w\" sizes=\"(max-width: 150px) 100vw, 150px\" \/><\/p>\n<p>Em contagem regressiva para a tradicional Lavagem do Bonfim, o programa Entre Aspas, da diretoria de comunica\u00e7\u00e3o, entrevistou nesta quarta-feira, 08 de janeiro de 2025, o Nutricionista do Projeto Sindsa\u00fadeBa CUIDA, Marco Ferreira. Com objetivo de orientar os servidores(as) que participam da tradicional caminhada na Lavagem do Bonfim e percorrem mais de 8 km, com dicas e informa\u00e7\u00f5es sobre alimenta\u00e7\u00e3o e hidrata\u00e7\u00e3o.<\/p>\n<p>A primeira coisa a ser feita, ao come\u00e7ar a se organizar para ir para a lavagem do Bonfim 2025, \u00e9 passar protetor solar, usar roupas leves, nada de acess\u00f3rios e colocar a tradicional pochete. Neste clima de vamos juntos para a caminhada, o programa Entre Aspas come\u00e7ou 2025 j\u00e1 com proposta de orientar os servidores(as) ativos e aposentados a continuarem a se cuidarem antes, durante e ap\u00f3s a lavagem do Bonfim. Como todos os anos, a FESPEBAHIA re\u00fane todas as entidades que defendem os direitos dos trabalhadores servidores do Estado da Bahia para juntos caminhar em dire\u00e7\u00e3o \u00e0 colina sagrada, sempre mostrando suas pautas e fazendo presen\u00e7a na maior festa popular do Brasil, em janeiro.<\/p>\n<p>Durante a divertida e importante entrevista, dicas importantes v\u00e3o ser abordadas para ajudar todos os servidores e a sociedade civil a realizar uma caminhada agrad\u00e1vel e sem percal\u00e7os.<\/p>\n<p>A primeira edi\u00e7\u00e3o do programa Entre Aspas &#8211; 2025 vai ao ar, no YouTube e nas redes sociais e site, no domingo, 12 de janeiro de 2025, antes da Lavagem do Bonfim.<\/p>\n","protected":false},"excerpt":{"rendered":"<p>Em contagem regressiva para a tradicional Lavagem do Bonfim, o programa Entre Aspas, da diretoria de comunica\u00e7\u00e3o, entrevistou nesta quarta-feira, 08 de janeiro de 2025, o Nutricionista do Projeto Sindsa\u00fadeBa CUIDA, Marco Ferreira. Com objetivo de orientar os servidores(as) que participam da tradicional caminhada na&#8230;<\/p>\n","protected":false},"author":2,"featured_media":21643,"comment_status":"open","ping_status":"open","sticky":false,"template":"","format":"standard","meta":[],"categories":[11,6,7],"tags":[],"amp_validity":null,"amp_enabled":true,"_links":{"self":[{"href":"https:\/\/sindsaudeba.org.br\/portal\/wp-json\/wp\/v2\/posts\/21642"}],"collection":[{"href":"https:\/\/sindsaudeba.org.br\/portal\/wp-json\/wp\/v2\/posts"}],"about":[{"href":"https:\/\/sindsaudeba.org.br\/portal\/wp-json\/wp\/v2\/types\/post"}],"author":[{"embeddable":true,"href":"https:\/\/sindsaudeba.org.br\/portal\/wp-json\/wp\/v2\/users\/2"}],"replies":[{"embeddable":true,"href":"https:\/\/sindsaudeba.org.br\/portal\/wp-json\/wp\/v2\/comments?post=21642"}],"version-history":[{"count":1,"href":"https:\/\/sindsaudeba.org.br\/portal\/wp-json\/wp\/v2\/posts\/21642\/revisions"}],"predecessor-version":[{"id":21645,"href":"https:\/\/sindsaudeba.org.br\/portal\/wp-json\/wp\/v2\/posts\/21642\/revisions\/21645"}],"wp:featuredmedia":[{"embeddable":true,"href":"https:\/\/sindsaudeba.org.br\/portal\/wp-json\/wp\/v2\/media\/21643"}],"wp:attachment":[{"href":"https:\/\/sindsaudeba.org.br\/portal\/wp-json\/wp\/v2\/media?parent=21642"}],"wp:term":[{"taxonomy":"category","embeddable":true,"href":"https:\/\/sindsaudeba.org.br\/portal\/wp-json\/wp\/v2\/categories?post=21642"},{"taxonomy":"post_tag","embeddable":true,"href":"https:\/\/sindsaudeba.org.br\/portal\/wp-json\/wp\/v2\/tags?post=21642"}],"curies":[{"name":"wp","href":"https:\/\/api.w.org\/{rel}","templated":true}]}}